{"id":308,"date":"2019-06-16T15:25:31","date_gmt":"2019-06-16T15:25:31","guid":{"rendered":"https:\/\/tv.joycemeyer.org\/espanol\/?p=308"},"modified":"2022-03-11T19:12:02","modified_gmt":"2022-03-11T19:12:02","slug":"una-vida-de-esperanza","status":"publish","type":"post","link":"https:\/\/tv.joycemeyer.org\/espanol\/2019\/06\/16\/una-vida-de-esperanza\/","title":{"rendered":"Una Vida de Esperanza, Visi\u00f3n y Pasi\u00f3n"},"content":{"rendered":"<blockquote><p>\u00bfSab\u00edas que Dios tiene grandes expectativas y esperanzas para ti? As\u00ed es. El hecho de que \u00c9l invirti\u00f3 la vida de Su \u00fanico Hijo para que seamos libres, nos muestra lo precioso que somos para \u00c9l. \u00a1Dios cree en ti m\u00e1s que t\u00fa mismo!<\/p><\/blockquote>\n<p>Yo sol\u00eda pensar que Dios estaba decepcionado de mi cuando yo comet\u00eda errores. Pero Dios sabe cada decisi\u00f3n que vayamos a tomar, \u00c9l nos ama de todos modos, y \u00c9l sabe que \u00c9l puede cambiarnos si permanecemos en Su Palabra.<\/p>\n<h3><strong>El Pago por la Perseverancia<\/strong><\/h3>\n<p>En los primeros a\u00f1os cuando est\u00e1bamos construyendo nuestro ministerio, Dave y yo pasamos por muchas pruebas dif\u00edciles. Necesitaba trabajar en mi actitud. Necesit\u00e1bamos trabajar en nuestro matrimonio y c\u00f3mo manej\u00e1bamos el dinero.<\/p>\n<p>Durante seis a\u00f1os compr\u00e9 mis calcetines y ropa interior en las ventas de garaje. \u00a1Est\u00e1bamos totalmente en banca rota y yo ense\u00f1aba de la prosperidad!<\/p>\n<p>No s\u00f3lo eso, simplemente no era popular para las mujeres predicar en ese entonces. Perdimos amigos y tuvimos miembros de la familia que no quer\u00edan tener nada que ver con nosotros.<\/p>\n<p>Fue muy dif\u00edcil y veces quise renunciar a ello. Pero hoy estoy muy contenta de haberme quedado con Dios porque hay personas de todo el mundo que han sido ayudadas por nuestro ministerio.<\/p>\n<p>La Escritura nos dice en Mateo 19:29 Y todo el que por mi causa haya dejado casas, hermanos, hermanas, padre, madre, hijos o terrenos recibir\u00e1 cien veces m\u00e1s y heredar\u00e1 la vida eterna.<\/p>\n<p>S\u00e9 que es verdad porque ahora mismo eso es lo que estoy experimentando en mi propia vida. Si decidimos confiar en la Palabra de Dios y nunca renunciar, tendremos victoria.<\/p>\n<h3><strong>La Actitud es Esencial<\/strong><\/h3>\n<p>Nuestra actitud tiene mucho que ver con c\u00f3mo Dios obra en nuestra vida.<\/p>\n<p>Dios no recompensa una actitud negativa o autocompasi\u00f3n o una actitud de \u00abtodo el mundo me debe\u00bb. Tampoco trabaja a trav\u00e9s de la pereza o pasividad. Dios trabaja a trav\u00e9s de la fe, pero necesitamos tener fe antes de que podamos tener esperanza.<\/p>\n<p>La esperanza es realmente una actitud positiva. Espera que algo bueno suceda en tu vida. Dios quiere que seamos prisioneros de la esperanza. En otras palabras, \u00c9l quiere que creas que \u00c9l puede cambiar lo que necesite ser cambiado y que puedes hacer lo que sea necesario que tengas que hacer.<\/p>\n<h3><strong>Persiguiendo La Pasi\u00f3n de Dios<\/strong><\/h3>\n<p>La Biblia ense\u00f1a una y otra vez que debemos ayudar a la gente que sufre. Creo que es la pasi\u00f3n de Dios. \u00c9l quiere que disfrutemos de nuestras vidas y \u00c9l quiere que tengamos cosas buenas, pero tambi\u00e9n quiere que recordemos a los pobres, a los perdidos ya los necesitados.<\/p>\n<p>A veces no nos damos cuenta de que una persona realmente puede hacer una diferencia. Podemos inspirar a la gente que nos rodea simplemente haciendo las elecciones correctas. Y podemos cambiar el mundo a trav\u00e9s de nuestras oraciones, nuestro dar y alcanzar con el amor de Dios a aquellos que est\u00e1n en necesidad desesperada.<\/p>\n<p>Tu y yo podemos cumplir la visi\u00f3n de Dios para nuestras vidas viviendo con esperanza y expectativa, siendo apasionados por las cosas que a Dios le apasionan en la vida.<\/p>\n","protected":false},"excerpt":{"rendered":"<p>\u00bfSab\u00edas que Dios tiene grandes expectativas y esperanzas para ti? As\u00ed es. El hecho de que \u00c9l invirti\u00f3 la vida de Su \u00fanico Hijo para que seamos libres, nos muestra lo precioso que somos para \u00c9l. \u00a1Dios cree en ti m\u00e1s que t\u00fa mismo! Yo sol\u00eda pensar que Dios estaba decepcionado de mi cuando yo&#8230;<\/p>\n","protected":false},"author":4,"featured_media":4068,"comment_status":"closed","ping_status":"open","sticky":false,"template":"","format":"standard","meta":{"_acf_changed":false,"footnotes":""},"categories":[1],"tags":[],"class_list":["post-308","post","type-post","status-publish","format-standard","has-post-thumbnail","hentry","category-uncategorized"],"acf":[],"appp":{"post_detail":{"above_title":"<div class=\"post-featured-wrap\"><img width=\"1024\" height=\"597\" src=\"https:\/\/tv.joycemeyer.org\/espanol\/wp-content\/uploads\/sites\/3\/2019\/06\/Una-Vida-de-Esperanza-Visio\u0301n-y-Pasio\u0301n-2-1024x597.jpg\" class=\"post-featured wp-post-image\" alt=\"Una Vida de Esperanza, Visi\u00f3n y Pasi\u00f3n\" decoding=\"async\" srcset=\"https:\/\/tv.joycemeyer.org\/espanol\/wp-content\/uploads\/sites\/3\/2019\/06\/Una-Vida-de-Esperanza-Visio\u0301n-y-Pasio\u0301n-2-1024x597.jpg 1024w, https:\/\/tv.joycemeyer.org\/espanol\/wp-content\/uploads\/sites\/3\/2019\/06\/Una-Vida-de-Esperanza-Visio\u0301n-y-Pasio\u0301n-2-300x175.jpg 300w, https:\/\/tv.joycemeyer.org\/espanol\/wp-content\/uploads\/sites\/3\/2019\/06\/Una-Vida-de-Esperanza-Visio\u0301n-y-Pasio\u0301n-2-768x448.jpg 768w, https:\/\/tv.joycemeyer.org\/espanol\/wp-content\/uploads\/sites\/3\/2019\/06\/Una-Vida-de-Esperanza-Visio\u0301n-y-Pasio\u0301n-2-1536x896.jpg 1536w, https:\/\/tv.joycemeyer.org\/espanol\/wp-content\/uploads\/sites\/3\/2019\/06\/Una-Vida-de-Esperanza-Visio\u0301n-y-Pasio\u0301n-2.jpg 1800w\" sizes=\"(max-width: 1024px) 100vw, 1024px\" \/><\/div>","below_content":""}},"yoast_head":"<!-- This site is optimized with the Yoast SEO plugin v27.4 - https:\/\/yoast.com\/product\/yoast-seo-wordpress\/ -->\n<title>Una Vida de Esperanza, Visi\u00f3n y Pasi\u00f3n - Joyce Meyer Ministries - Espanol<\/title>\n<meta name=\"robots\" content=\"index, follow, max-snippet:-1, max-image-preview:large, max-video-preview:-1\" \/>\n<link rel=\"canonical\" href=\"https:\/\/tv.joycemeyer.org\/espanol\/2019\/06\/16\/una-vida-de-esperanza\/\" \/>\n<meta property=\"og:locale\" content=\"es_ES\" \/>\n<meta property=\"og:type\" content=\"article\" \/>\n<meta property=\"og:title\" content=\"Una Vida de Esperanza, Visi\u00f3n y Pasi\u00f3n - Joyce Meyer Ministries - Espanol\" \/>\n<meta property=\"og:description\" content=\"\u00bfSab\u00edas que Dios tiene grandes expectativas y esperanzas para ti? As\u00ed es. El hecho de que \u00c9l invirti\u00f3 la vida de Su \u00fanico Hijo para que seamos libres, nos muestra lo precioso que somos para \u00c9l. \u00a1Dios cree en ti m\u00e1s que t\u00fa mismo! Yo sol\u00eda pensar que Dios estaba decepcionado de mi cuando yo...\" \/>\n<meta property=\"og:url\" content=\"https:\/\/tv.joycemeyer.org\/espanol\/2019\/06\/16\/una-vida-de-esperanza\/\" \/>\n<meta property=\"og:site_name\" content=\"Joyce Meyer Ministries - Espanol\" \/>\n<meta property=\"article:publisher\" content=\"https:\/\/www.facebook.com\/JoyceMeyerMinistriesEspanol\/\" \/>\n<meta property=\"article:published_time\" content=\"2019-06-16T15:25:31+00:00\" \/>\n<meta property=\"article:modified_time\" content=\"2022-03-11T19:12:02+00:00\" \/>\n<meta property=\"og:image\" content=\"https:\/\/tv.joycemeyer.org\/espanol\/wp-content\/uploads\/sites\/3\/2019\/06\/Una-Vida-de-Esperanza-Visio\u0301n-y-Pasio\u0301n-2.jpg\" \/>\n\t<meta property=\"og:image:width\" content=\"1800\" \/>\n\t<meta property=\"og:image:height\" content=\"1050\" \/>\n\t<meta property=\"og:image:type\" content=\"image\/jpeg\" \/>\n<meta name=\"author\" content=\"jmcdevitt\" \/>\n<meta name=\"twitter:card\" content=\"summary_large_image\" \/>\n<meta name=\"twitter:label1\" content=\"Escrito por\" \/>\n\t<meta name=\"twitter:data1\" content=\"jmcdevitt\" \/>\n\t<meta name=\"twitter:label2\" content=\"Tiempo de lectura\" \/>\n\t<meta name=\"twitter:data2\" content=\"3 minutos\" \/>\n<script type=\"application\/ld+json\" class=\"yoast-schema-graph\">{\"@context\":\"https:\\\/\\\/schema.org\",\"@graph\":[{\"@type\":\"Article\",\"@id\":\"https:\\\/\\\/tv.joycemeyer.org\\\/espanol\\\/2019\\\/06\\\/16\\\/una-vida-de-esperanza\\\/#article\",\"isPartOf\":{\"@id\":\"https:\\\/\\\/tv.joycemeyer.org\\\/espanol\\\/2019\\\/06\\\/16\\\/una-vida-de-esperanza\\\/\"},\"author\":{\"name\":\"jmcdevitt\",\"@id\":\"https:\\\/\\\/tv.joycemeyer.org\\\/espanol\\\/#\\\/schema\\\/person\\\/ec8ccae150e510d204c6f1130fa8f05f\"},\"headline\":\"Una Vida de Esperanza, Visi\u00f3n y Pasi\u00f3n\",\"datePublished\":\"2019-06-16T15:25:31+00:00\",\"dateModified\":\"2022-03-11T19:12:02+00:00\",\"mainEntityOfPage\":{\"@id\":\"https:\\\/\\\/tv.joycemeyer.org\\\/espanol\\\/2019\\\/06\\\/16\\\/una-vida-de-esperanza\\\/\"},\"wordCount\":560,\"image\":{\"@id\":\"https:\\\/\\\/tv.joycemeyer.org\\\/espanol\\\/2019\\\/06\\\/16\\\/una-vida-de-esperanza\\\/#primaryimage\"},\"thumbnailUrl\":\"https:\\\/\\\/tv.joycemeyer.org\\\/espanol\\\/wp-content\\\/uploads\\\/sites\\\/3\\\/2019\\\/06\\\/Una-Vida-de-Esperanza-Visio\u0301n-y-Pasio\u0301n-2.jpg\",\"articleSection\":[\"Uncategorized\"],\"inLanguage\":\"es\"},{\"@type\":\"WebPage\",\"@id\":\"https:\\\/\\\/tv.joycemeyer.org\\\/espanol\\\/2019\\\/06\\\/16\\\/una-vida-de-esperanza\\\/\",\"url\":\"https:\\\/\\\/tv.joycemeyer.org\\\/espanol\\\/2019\\\/06\\\/16\\\/una-vida-de-esperanza\\\/\",\"name\":\"Una Vida de Esperanza, Visi\u00f3n y Pasi\u00f3n - Joyce Meyer Ministries - Espanol\",\"isPartOf\":{\"@id\":\"https:\\\/\\\/tv.joycemeyer.org\\\/espanol\\\/#website\"},\"primaryImageOfPage\":{\"@id\":\"https:\\\/\\\/tv.joycemeyer.org\\\/espanol\\\/2019\\\/06\\\/16\\\/una-vida-de-esperanza\\\/#primaryimage\"},\"image\":{\"@id\":\"https:\\\/\\\/tv.joycemeyer.org\\\/espanol\\\/2019\\\/06\\\/16\\\/una-vida-de-esperanza\\\/#primaryimage\"},\"thumbnailUrl\":\"https:\\\/\\\/tv.joycemeyer.org\\\/espanol\\\/wp-content\\\/uploads\\\/sites\\\/3\\\/2019\\\/06\\\/Una-Vida-de-Esperanza-Visio\u0301n-y-Pasio\u0301n-2.jpg\",\"datePublished\":\"2019-06-16T15:25:31+00:00\",\"dateModified\":\"2022-03-11T19:12:02+00:00\",\"author\":{\"@id\":\"https:\\\/\\\/tv.joycemeyer.org\\\/espanol\\\/#\\\/schema\\\/person\\\/ec8ccae150e510d204c6f1130fa8f05f\"},\"breadcrumb\":{\"@id\":\"https:\\\/\\\/tv.joycemeyer.org\\\/espanol\\\/2019\\\/06\\\/16\\\/una-vida-de-esperanza\\\/#breadcrumb\"},\"inLanguage\":\"es\",\"potentialAction\":[{\"@type\":\"ReadAction\",\"target\":[\"https:\\\/\\\/tv.joycemeyer.org\\\/espanol\\\/2019\\\/06\\\/16\\\/una-vida-de-esperanza\\\/\"]}]},{\"@type\":\"ImageObject\",\"inLanguage\":\"es\",\"@id\":\"https:\\\/\\\/tv.joycemeyer.org\\\/espanol\\\/2019\\\/06\\\/16\\\/una-vida-de-esperanza\\\/#primaryimage\",\"url\":\"https:\\\/\\\/tv.joycemeyer.org\\\/espanol\\\/wp-content\\\/uploads\\\/sites\\\/3\\\/2019\\\/06\\\/Una-Vida-de-Esperanza-Visio\u0301n-y-Pasio\u0301n-2.jpg\",\"contentUrl\":\"https:\\\/\\\/tv.joycemeyer.org\\\/espanol\\\/wp-content\\\/uploads\\\/sites\\\/3\\\/2019\\\/06\\\/Una-Vida-de-Esperanza-Visio\u0301n-y-Pasio\u0301n-2.jpg\",\"width\":1800,\"height\":1050,\"caption\":\"Una Vida de Esperanza, Visi\u00f3n y Pasi\u00f3n\"},{\"@type\":\"BreadcrumbList\",\"@id\":\"https:\\\/\\\/tv.joycemeyer.org\\\/espanol\\\/2019\\\/06\\\/16\\\/una-vida-de-esperanza\\\/#breadcrumb\",\"itemListElement\":[{\"@type\":\"ListItem\",\"position\":1,\"name\":\"Home\",\"item\":\"https:\\\/\\\/tv.joycemeyer.org\\\/espanol\\\/\"},{\"@type\":\"ListItem\",\"position\":2,\"name\":\"Una Vida de Esperanza, Visi\u00f3n y Pasi\u00f3n\"}]},{\"@type\":\"WebSite\",\"@id\":\"https:\\\/\\\/tv.joycemeyer.org\\\/espanol\\\/#website\",\"url\":\"https:\\\/\\\/tv.joycemeyer.org\\\/espanol\\\/\",\"name\":\"Joyce Meyer Ministries - Espanol\",\"description\":\"Disfrutando la Vida Diaria\",\"potentialAction\":[{\"@type\":\"SearchAction\",\"target\":{\"@type\":\"EntryPoint\",\"urlTemplate\":\"https:\\\/\\\/tv.joycemeyer.org\\\/espanol\\\/?s={search_term_string}\"},\"query-input\":{\"@type\":\"PropertyValueSpecification\",\"valueRequired\":true,\"valueName\":\"search_term_string\"}}],\"inLanguage\":\"es\"},{\"@type\":\"Person\",\"@id\":\"https:\\\/\\\/tv.joycemeyer.org\\\/espanol\\\/#\\\/schema\\\/person\\\/ec8ccae150e510d204c6f1130fa8f05f\",\"name\":\"jmcdevitt\",\"image\":{\"@type\":\"ImageObject\",\"inLanguage\":\"es\",\"@id\":\"https:\\\/\\\/secure.gravatar.com\\\/avatar\\\/2cf38691e4af58f7430585991378478f69715cbc90542911518c88f8bd7227a7?s=96&d=mm&r=g\",\"url\":\"https:\\\/\\\/secure.gravatar.com\\\/avatar\\\/2cf38691e4af58f7430585991378478f69715cbc90542911518c88f8bd7227a7?s=96&d=mm&r=g\",\"contentUrl\":\"https:\\\/\\\/secure.gravatar.com\\\/avatar\\\/2cf38691e4af58f7430585991378478f69715cbc90542911518c88f8bd7227a7?s=96&d=mm&r=g\",\"caption\":\"jmcdevitt\"},\"url\":\"https:\\\/\\\/tv.joycemeyer.org\\\/espanol\\\/author\\\/jmcdevitt\\\/\"}]}<\/script>\n<!-- \/ Yoast SEO plugin. -->","yoast_head_json":{"title":"Una Vida de Esperanza, Visi\u00f3n y Pasi\u00f3n - Joyce Meyer Ministries - Espanol","robots":{"index":"index","follow":"follow","max-snippet":"max-snippet:-1","max-image-preview":"max-image-preview:large","max-video-preview":"max-video-preview:-1"},"canonical":"https:\/\/tv.joycemeyer.org\/espanol\/2019\/06\/16\/una-vida-de-esperanza\/","og_locale":"es_ES","og_type":"article","og_title":"Una Vida de Esperanza, Visi\u00f3n y Pasi\u00f3n - Joyce Meyer Ministries - Espanol","og_description":"\u00bfSab\u00edas que Dios tiene grandes expectativas y esperanzas para ti? As\u00ed es. El hecho de que \u00c9l invirti\u00f3 la vida de Su \u00fanico Hijo para que seamos libres, nos muestra lo precioso que somos para \u00c9l. \u00a1Dios cree en ti m\u00e1s que t\u00fa mismo! Yo sol\u00eda pensar que Dios estaba decepcionado de mi cuando yo...","og_url":"https:\/\/tv.joycemeyer.org\/espanol\/2019\/06\/16\/una-vida-de-esperanza\/","og_site_name":"Joyce Meyer Ministries - Espanol","article_publisher":"https:\/\/www.facebook.com\/JoyceMeyerMinistriesEspanol\/","article_published_time":"2019-06-16T15:25:31+00:00","article_modified_time":"2022-03-11T19:12:02+00:00","og_image":[{"width":1800,"height":1050,"url":"https:\/\/tv.joycemeyer.org\/espanol\/wp-content\/uploads\/sites\/3\/2019\/06\/Una-Vida-de-Esperanza-Visio\u0301n-y-Pasio\u0301n-2.jpg","type":"image\/jpeg"}],"author":"jmcdevitt","twitter_card":"summary_large_image","twitter_misc":{"Escrito por":"jmcdevitt","Tiempo de lectura":"3 minutos"},"schema":{"@context":"https:\/\/schema.org","@graph":[{"@type":"Article","@id":"https:\/\/tv.joycemeyer.org\/espanol\/2019\/06\/16\/una-vida-de-esperanza\/#article","isPartOf":{"@id":"https:\/\/tv.joycemeyer.org\/espanol\/2019\/06\/16\/una-vida-de-esperanza\/"},"author":{"name":"jmcdevitt","@id":"https:\/\/tv.joycemeyer.org\/espanol\/#\/schema\/person\/ec8ccae150e510d204c6f1130fa8f05f"},"headline":"Una Vida de Esperanza, Visi\u00f3n y Pasi\u00f3n","datePublished":"2019-06-16T15:25:31+00:00","dateModified":"2022-03-11T19:12:02+00:00","mainEntityOfPage":{"@id":"https:\/\/tv.joycemeyer.org\/espanol\/2019\/06\/16\/una-vida-de-esperanza\/"},"wordCount":560,"image":{"@id":"https:\/\/tv.joycemeyer.org\/espanol\/2019\/06\/16\/una-vida-de-esperanza\/#primaryimage"},"thumbnailUrl":"https:\/\/tv.joycemeyer.org\/espanol\/wp-content\/uploads\/sites\/3\/2019\/06\/Una-Vida-de-Esperanza-Visio\u0301n-y-Pasio\u0301n-2.jpg","articleSection":["Uncategorized"],"inLanguage":"es"},{"@type":"WebPage","@id":"https:\/\/tv.joycemeyer.org\/espanol\/2019\/06\/16\/una-vida-de-esperanza\/","url":"https:\/\/tv.joycemeyer.org\/espanol\/2019\/06\/16\/una-vida-de-esperanza\/","name":"Una Vida de Esperanza, Visi\u00f3n y Pasi\u00f3n - Joyce Meyer Ministries - Espanol","isPartOf":{"@id":"https:\/\/tv.joycemeyer.org\/espanol\/#website"},"primaryImageOfPage":{"@id":"https:\/\/tv.joycemeyer.org\/espanol\/2019\/06\/16\/una-vida-de-esperanza\/#primaryimage"},"image":{"@id":"https:\/\/tv.joycemeyer.org\/espanol\/2019\/06\/16\/una-vida-de-esperanza\/#primaryimage"},"thumbnailUrl":"https:\/\/tv.joycemeyer.org\/espanol\/wp-content\/uploads\/sites\/3\/2019\/06\/Una-Vida-de-Esperanza-Visio\u0301n-y-Pasio\u0301n-2.jpg","datePublished":"2019-06-16T15:25:31+00:00","dateModified":"2022-03-11T19:12:02+00:00","author":{"@id":"https:\/\/tv.joycemeyer.org\/espanol\/#\/schema\/person\/ec8ccae150e510d204c6f1130fa8f05f"},"breadcrumb":{"@id":"https:\/\/tv.joycemeyer.org\/espanol\/2019\/06\/16\/una-vida-de-esperanza\/#breadcrumb"},"inLanguage":"es","potentialAction":[{"@type":"ReadAction","target":["https:\/\/tv.joycemeyer.org\/espanol\/2019\/06\/16\/una-vida-de-esperanza\/"]}]},{"@type":"ImageObject","inLanguage":"es","@id":"https:\/\/tv.joycemeyer.org\/espanol\/2019\/06\/16\/una-vida-de-esperanza\/#primaryimage","url":"https:\/\/tv.joycemeyer.org\/espanol\/wp-content\/uploads\/sites\/3\/2019\/06\/Una-Vida-de-Esperanza-Visio\u0301n-y-Pasio\u0301n-2.jpg","contentUrl":"https:\/\/tv.joycemeyer.org\/espanol\/wp-content\/uploads\/sites\/3\/2019\/06\/Una-Vida-de-Esperanza-Visio\u0301n-y-Pasio\u0301n-2.jpg","width":1800,"height":1050,"caption":"Una Vida de Esperanza, Visi\u00f3n y Pasi\u00f3n"},{"@type":"BreadcrumbList","@id":"https:\/\/tv.joycemeyer.org\/espanol\/2019\/06\/16\/una-vida-de-esperanza\/#breadcrumb","itemListElement":[{"@type":"ListItem","position":1,"name":"Home","item":"https:\/\/tv.joycemeyer.org\/espanol\/"},{"@type":"ListItem","position":2,"name":"Una Vida de Esperanza, Visi\u00f3n y Pasi\u00f3n"}]},{"@type":"WebSite","@id":"https:\/\/tv.joycemeyer.org\/espanol\/#website","url":"https:\/\/tv.joycemeyer.org\/espanol\/","name":"Joyce Meyer Ministries - Espanol","description":"Disfrutando la Vida Diaria","potentialAction":[{"@type":"SearchAction","target":{"@type":"EntryPoint","urlTemplate":"https:\/\/tv.joycemeyer.org\/espanol\/?s={search_term_string}"},"query-input":{"@type":"PropertyValueSpecification","valueRequired":true,"valueName":"search_term_string"}}],"inLanguage":"es"},{"@type":"Person","@id":"https:\/\/tv.joycemeyer.org\/espanol\/#\/schema\/person\/ec8ccae150e510d204c6f1130fa8f05f","name":"jmcdevitt","image":{"@type":"ImageObject","inLanguage":"es","@id":"https:\/\/secure.gravatar.com\/avatar\/2cf38691e4af58f7430585991378478f69715cbc90542911518c88f8bd7227a7?s=96&d=mm&r=g","url":"https:\/\/secure.gravatar.com\/avatar\/2cf38691e4af58f7430585991378478f69715cbc90542911518c88f8bd7227a7?s=96&d=mm&r=g","contentUrl":"https:\/\/secure.gravatar.com\/avatar\/2cf38691e4af58f7430585991378478f69715cbc90542911518c88f8bd7227a7?s=96&d=mm&r=g","caption":"jmcdevitt"},"url":"https:\/\/tv.joycemeyer.org\/espanol\/author\/jmcdevitt\/"}]}},"featured_image_urls":{"medium":"https:\/\/tv.joycemeyer.org\/espanol\/wp-content\/uploads\/sites\/3\/2019\/06\/Una-Vida-de-Esperanza-Visio\u0301n-y-Pasio\u0301n-2-300x175.jpg","large":"https:\/\/tv.joycemeyer.org\/espanol\/wp-content\/uploads\/sites\/3\/2019\/06\/Una-Vida-de-Esperanza-Visio\u0301n-y-Pasio\u0301n-2-1024x597.jpg","thumbnail":"https:\/\/tv.joycemeyer.org\/espanol\/wp-content\/uploads\/sites\/3\/2019\/06\/Una-Vida-de-Esperanza-Visio\u0301n-y-Pasio\u0301n-2-150x150.jpg","medium_large":"https:\/\/tv.joycemeyer.org\/espanol\/wp-content\/uploads\/sites\/3\/2019\/06\/Una-Vida-de-Esperanza-Visio\u0301n-y-Pasio\u0301n-2-768x448.jpg","1536x1536":"https:\/\/tv.joycemeyer.org\/espanol\/wp-content\/uploads\/sites\/3\/2019\/06\/Una-Vida-de-Esperanza-Visio\u0301n-y-Pasio\u0301n-2-1536x896.jpg","listing":"https:\/\/tv.joycemeyer.org\/espanol\/wp-content\/uploads\/sites\/3\/2019\/06\/Una-Vida-de-Esperanza-Visio\u0301n-y-Pasio\u0301n-2-640x360.jpg","feature":"https:\/\/tv.joycemeyer.org\/espanol\/wp-content\/uploads\/sites\/3\/2019\/06\/Una-Vida-de-Esperanza-Visio\u0301n-y-Pasio\u0301n-2-960x540.jpg","ebook":"https:\/\/tv.joycemeyer.org\/espanol\/wp-content\/uploads\/sites\/3\/2019\/06\/Una-Vida-de-Esperanza-Visio\u0301n-y-Pasio\u0301n-2-300x435.jpg","header":"https:\/\/tv.joycemeyer.org\/espanol\/wp-content\/uploads\/sites\/3\/2019\/06\/Una-Vida-de-Esperanza-Visio\u0301n-y-Pasio\u0301n-2-1600x340.jpg","rpwe-thumbnail":"https:\/\/tv.joycemeyer.org\/espanol\/wp-content\/uploads\/sites\/3\/2019\/06\/Una-Vida-de-Esperanza-Visio\u0301n-y-Pasio\u0301n-2-45x45.jpg"},"appp_media":null,"_links":{"self":[{"href":"https:\/\/tv.joycemeyer.org\/espanol\/wp-json\/wp\/v2\/posts\/308","targetHints":{"allow":["GET"]}}],"collection":[{"href":"https:\/\/tv.joycemeyer.org\/espanol\/wp-json\/wp\/v2\/posts"}],"about":[{"href":"https:\/\/tv.joycemeyer.org\/espanol\/wp-json\/wp\/v2\/types\/post"}],"author":[{"embeddable":true,"href":"https:\/\/tv.joycemeyer.org\/espanol\/wp-json\/wp\/v2\/users\/4"}],"replies":[{"embeddable":true,"href":"https:\/\/tv.joycemeyer.org\/espanol\/wp-json\/wp\/v2\/comments?post=308"}],"version-history":[{"count":0,"href":"https:\/\/tv.joycemeyer.org\/espanol\/wp-json\/wp\/v2\/posts\/308\/revisions"}],"wp:featuredmedia":[{"embeddable":true,"href":"https:\/\/tv.joycemeyer.org\/espanol\/wp-json\/wp\/v2\/media\/4068"}],"wp:attachment":[{"href":"https:\/\/tv.joycemeyer.org\/espanol\/wp-json\/wp\/v2\/media?parent=308"}],"wp:term":[{"taxonomy":"category","embeddable":true,"href":"https:\/\/tv.joycemeyer.org\/espanol\/wp-json\/wp\/v2\/categories?post=308"},{"taxonomy":"post_tag","embeddable":true,"href":"https:\/\/tv.joycemeyer.org\/espanol\/wp-json\/wp\/v2\/tags?post=308"}],"curies":[{"name":"wp","href":"https:\/\/api.w.org\/{rel}","templated":true}]}}