{"id":332,"date":"2019-03-31T08:00:50","date_gmt":"2019-03-31T08:00:50","guid":{"rendered":"https:\/\/tv.joycemeyer.org\/espanol\/?p=332"},"modified":"2022-03-11T19:24:16","modified_gmt":"2022-03-11T19:24:16","slug":"vestirse-para-la-batalla","status":"publish","type":"post","link":"https:\/\/tv.joycemeyer.org\/espanol\/2019\/03\/31\/vestirse-para-la-batalla\/","title":{"rendered":"Vestirse Para la Batalla"},"content":{"rendered":"<blockquote><p>Como hijos de Dios, tenemos poder y autoridad sobre el diablo. Y debemos usar ese poder y autoridad para el bien &#8230; y para el servicio a los dem\u00e1s. Eso casi suena como algo que se podr\u00eda decir acerca de un superh\u00e9roe, \u00bfno?<\/p><\/blockquote>\n<p>Me recuerda a una carta que una vez recib\u00ed de una mujer, cont\u00e1ndome acerca de su hijo de cuatro a\u00f1os y sus primos jugando un d\u00eda juntos. Todos fing\u00edan ser superh\u00e9roes. Uno de ellos exclam\u00f3: \u00ab\u00a1Soy Superman!\u00bb La otra dijo: \u00ab\u00a1Soy Superwoman!\u00bb Y esta se\u00f1ora dec\u00eda que su hijo manejaba orgullosamente su imaginaria espada y proclamaba: \u00ab\u00a1Soy Joyce Meyer!\u00bb<\/p>\n<p>\u00a1Qu\u00e9 elogio al Cristo en m\u00ed! Ese ni\u00f1o vio algo en m\u00ed que \u00e9l pens\u00f3 que era \u00abs\u00faper\u00bb y quer\u00eda imitarlo. Lo que \u00e9l vio es simplemente el resultado de la obra que Dios ha hecho en mi vida a trav\u00e9s de Su Esp\u00edritu Santo. \u00a1Y es interesante que, mientras que el traje de superh\u00e9roes de otros ni\u00f1os inclu\u00eda una capa, su peque\u00f1a arma era una espada! (Ver Efesios 6:17.)<\/p>\n<p>A menudo nos llaman soldados en la Palabra de Dios. Los soldados est\u00e1n bien entrenados en combate; Llevan todo tipo de equipos de ofensiva, as\u00ed como defensivos, y se les ense\u00f1a a estar vigilantes, alertas y conscientes.<\/p>\n<p>No importa si nos vemos como soldados o superh\u00e9roes o lo que sea, nuestra guerra es espiritual. Y nuestras armas y armadura tambi\u00e9n son espirituales.<\/p>\n<h3><strong>Haciendo Guerra a la Manera de Dios<\/strong><\/h3>\n<p>En esta guerra espiritual, luchamos en el campo de batalla de la mente. Todos los d\u00edas estamos sujetos a ataques incesantes en nuestros pensamientos, tales como preocupaci\u00f3n, miedo, duda y otras inquietudes. El diablo est\u00e1 detr\u00e1s de muchos de nuestros problemas, y algunos los creamos nosotros mismos.<\/p>\n<p>Pero Efesios 6:11 nos dice que nos pongamos toda la armadura de Dios, para que podamos tomar posici\u00f3n contra los planes del diablo. Nuestros pensamientos son muy importantes en esta guerra &#8230; lo que pensamos de nosotros mismos, as\u00ed como lo que pensamos de los dem\u00e1s o de nuestras circunstancias. La raz\u00f3n es que nuestra lucha no es contra la carne y la sangre, sino contra los gobernantes, contra las autoridades, contra los poderes de este mundo oscuro y contra las fuerzas espirituales del mal en los reinos celestiales.<\/p>\n<p>As\u00ed, mientras el diablo pueda tener poder &#8230; tenemos el poder y la autoridad de Jesucristo que obra en nosotros por Su Santo Esp\u00edritu. Nuestro trabajo es llegar a conocer a Dios por nosotros mismos&#8230; saber qui\u00e9nes somos en \u00c9l &#8230; y el poder que est\u00e1 disponible para nosotros a trav\u00e9s de \u00c9l. Necesitamos aprender a seguir al Esp\u00edritu Santo, porque \u00c9l quiere guiarnos en nuestras batallas individuales de acuerdo a lo que es correcto para cada uno de nosotros. Dios est\u00e1 de nuestro lado &#8230; \u00a1y eso ya nos hace m\u00e1s que vencedores en \u00c9l! (Ver Romanos 8:31, 37.)<\/p>\n<h3><strong>Qu\u00e9 Usar y Qu\u00e9 no Usar Para la Batalla<\/strong><\/h3>\n<p>En esta guerra, hay equipamiento para la ofensiva y la defensiva. Con nuestras armas luchamos contra el enemigo. Y estamos protegidos de \u00e9l por nuestra armadura. Ambas son de vital importancia para nuestro \u00e9xito.<\/p>\n<p>Colosenses 3: 12-14 NVI dice: Por lo tanto, como escogidos de Dios, santos y amados, rev\u00edstanse de afecto entra\u00f1able y de bondad, humildad, amabilidad y paciencia, de modo que se toleren unos a otros y se perdonen si alguno tiene queja contra otro. As\u00ed como el Se\u00f1or los perdon\u00f3, perdonen tambi\u00e9n ustedes.\u00a0 14 Por encima de todo, v\u00edstanse de amor, que es el v\u00ednculo perfecto.<\/p>\n<p>Estos vers\u00edculos revelan las armas y la armadura de nuestra guerra espiritual. Derrotamos la t\u00e1ctica del enemigo cada vez que perdonamos en lugar de guardar rencor &#8230; tener paciencia con alguien en lugar de apresurarlo&#8230; hablar con humildad en lugar hablar con arrogancia.<\/p>\n<p>Efesios 4:25 nos dice que, Por lo tanto, dejando la mentira, hable cada uno a su pr\u00f3jimo con la verdad, porque todos somos miembros de un mismo cuerpo. El vers\u00edculo 31 contin\u00faa diciendo: Abandonen toda amargura, ira y enojo, gritos y calumnias, y toda forma de malicia. Estas son cosas que nos obstaculizar\u00e1n y nos pesar\u00e1n en la vida, y ciertamente una batalla espiritual.<\/p>\n<h3><strong>El Plan de Batalla<\/strong><\/h3>\n<p>La clave es aprender a cooperar con el Esp\u00edritu Santo mientras \u00c9l te conduce de acuerdo a Su prop\u00f3sito y plan para tu vida. Sepan que todo lo que \u00c9l les pida, \u00c9l les proveer\u00e1 el camino para que lo logren. Dios te ungir\u00e1 y tambi\u00e9n lo que \u00c9l puso en tu mano. En otras palabras, cada uno de nosotros tiene nuestras propias batallas para luchar. No puedes usar la armadura de otra persona; t\u00fa debes usar las tuyas propias.<\/p>\n<p>As\u00ed que, aprieta tu cintur\u00f3n de la Verdad. En otras palabras, aprende y conoce la verdad de la Palabra de Dios &#8230; especialmente lo que Su Palabra dice acerca de ti. Entonces haz lo que sabes hacer&#8230; haz lo que puedas &#8230; y Dios har\u00e1 lo que no puedas. No te preocupes tanto por el c\u00f3mo &#8230; \u00a1conf\u00eda en Dios para que haga lo que es justo para ti!<\/p>\n","protected":false},"excerpt":{"rendered":"<p>Como hijos de Dios, tenemos poder y autoridad sobre el diablo. Y debemos usar ese poder y autoridad para el bien &#8230; y para el servicio a los dem\u00e1s. Eso casi suena como algo que se podr\u00eda decir acerca de un superh\u00e9roe, \u00bfno? Me recuerda a una carta que una vez recib\u00ed de una mujer,&#8230;<\/p>\n","protected":false},"author":4,"featured_media":4080,"comment_status":"closed","ping_status":"open","sticky":false,"template":"","format":"standard","meta":{"_acf_changed":false,"footnotes":""},"categories":[1],"tags":[],"class_list":["post-332","post","type-post","status-publish","format-standard","has-post-thumbnail","hentry","category-uncategorized"],"acf":[],"appp":{"post_detail":{"above_title":"<div class=\"post-featured-wrap\"><img width=\"1024\" height=\"597\" src=\"https:\/\/tv.joycemeyer.org\/espanol\/wp-content\/uploads\/sites\/3\/2019\/03\/Vestirse-Para-la-Batalla-2-1024x597.jpg\" class=\"post-featured wp-post-image\" alt=\"Vestirse Para la Batalla\" decoding=\"async\" srcset=\"https:\/\/tv.joycemeyer.org\/espanol\/wp-content\/uploads\/sites\/3\/2019\/03\/Vestirse-Para-la-Batalla-2-1024x597.jpg 1024w, https:\/\/tv.joycemeyer.org\/espanol\/wp-content\/uploads\/sites\/3\/2019\/03\/Vestirse-Para-la-Batalla-2-300x175.jpg 300w, https:\/\/tv.joycemeyer.org\/espanol\/wp-content\/uploads\/sites\/3\/2019\/03\/Vestirse-Para-la-Batalla-2-768x448.jpg 768w, https:\/\/tv.joycemeyer.org\/espanol\/wp-content\/uploads\/sites\/3\/2019\/03\/Vestirse-Para-la-Batalla-2-1536x896.jpg 1536w, https:\/\/tv.joycemeyer.org\/espanol\/wp-content\/uploads\/sites\/3\/2019\/03\/Vestirse-Para-la-Batalla-2.jpg 1800w\" sizes=\"(max-width: 1024px) 100vw, 1024px\" \/><\/div>","below_content":""}},"yoast_head":"<!-- This site is optimized with the Yoast SEO plugin v27.4 - https:\/\/yoast.com\/product\/yoast-seo-wordpress\/ -->\n<title>Vestirse Para la Batalla - Joyce Meyer Ministries - Espanol<\/title>\n<meta name=\"robots\" content=\"index, follow, max-snippet:-1, max-image-preview:large, max-video-preview:-1\" \/>\n<link rel=\"canonical\" href=\"https:\/\/tv.joycemeyer.org\/espanol\/2019\/03\/31\/vestirse-para-la-batalla\/\" \/>\n<meta property=\"og:locale\" content=\"es_ES\" \/>\n<meta property=\"og:type\" content=\"article\" \/>\n<meta property=\"og:title\" content=\"Vestirse Para la Batalla - Joyce Meyer Ministries - Espanol\" \/>\n<meta property=\"og:description\" content=\"Como hijos de Dios, tenemos poder y autoridad sobre el diablo. Y debemos usar ese poder y autoridad para el bien &#8230; y para el servicio a los dem\u00e1s. Eso casi suena como algo que se podr\u00eda decir acerca de un superh\u00e9roe, \u00bfno? Me recuerda a una carta que una vez recib\u00ed de una mujer,...\" \/>\n<meta property=\"og:url\" content=\"https:\/\/tv.joycemeyer.org\/espanol\/2019\/03\/31\/vestirse-para-la-batalla\/\" \/>\n<meta property=\"og:site_name\" content=\"Joyce Meyer Ministries - Espanol\" \/>\n<meta property=\"article:publisher\" content=\"https:\/\/www.facebook.com\/JoyceMeyerMinistriesEspanol\/\" \/>\n<meta property=\"article:published_time\" content=\"2019-03-31T08:00:50+00:00\" \/>\n<meta property=\"article:modified_time\" content=\"2022-03-11T19:24:16+00:00\" \/>\n<meta property=\"og:image\" content=\"https:\/\/tv.joycemeyer.org\/espanol\/wp-content\/uploads\/sites\/3\/2019\/03\/Vestirse-Para-la-Batalla-2.jpg\" \/>\n\t<meta property=\"og:image:width\" content=\"1800\" \/>\n\t<meta property=\"og:image:height\" content=\"1050\" \/>\n\t<meta property=\"og:image:type\" content=\"image\/jpeg\" \/>\n<meta name=\"author\" content=\"jmcdevitt\" \/>\n<meta name=\"twitter:card\" content=\"summary_large_image\" \/>\n<meta name=\"twitter:label1\" content=\"Escrito por\" \/>\n\t<meta name=\"twitter:data1\" content=\"jmcdevitt\" \/>\n\t<meta name=\"twitter:label2\" content=\"Tiempo de lectura\" \/>\n\t<meta name=\"twitter:data2\" content=\"4 minutos\" \/>\n<script type=\"application\/ld+json\" class=\"yoast-schema-graph\">{\"@context\":\"https:\\\/\\\/schema.org\",\"@graph\":[{\"@type\":\"Article\",\"@id\":\"https:\\\/\\\/tv.joycemeyer.org\\\/espanol\\\/2019\\\/03\\\/31\\\/vestirse-para-la-batalla\\\/#article\",\"isPartOf\":{\"@id\":\"https:\\\/\\\/tv.joycemeyer.org\\\/espanol\\\/2019\\\/03\\\/31\\\/vestirse-para-la-batalla\\\/\"},\"author\":{\"name\":\"jmcdevitt\",\"@id\":\"https:\\\/\\\/tv.joycemeyer.org\\\/espanol\\\/#\\\/schema\\\/person\\\/ec8ccae150e510d204c6f1130fa8f05f\"},\"headline\":\"Vestirse Para la Batalla\",\"datePublished\":\"2019-03-31T08:00:50+00:00\",\"dateModified\":\"2022-03-11T19:24:16+00:00\",\"mainEntityOfPage\":{\"@id\":\"https:\\\/\\\/tv.joycemeyer.org\\\/espanol\\\/2019\\\/03\\\/31\\\/vestirse-para-la-batalla\\\/\"},\"wordCount\":885,\"image\":{\"@id\":\"https:\\\/\\\/tv.joycemeyer.org\\\/espanol\\\/2019\\\/03\\\/31\\\/vestirse-para-la-batalla\\\/#primaryimage\"},\"thumbnailUrl\":\"https:\\\/\\\/tv.joycemeyer.org\\\/espanol\\\/wp-content\\\/uploads\\\/sites\\\/3\\\/2019\\\/03\\\/Vestirse-Para-la-Batalla-2.jpg\",\"articleSection\":[\"Uncategorized\"],\"inLanguage\":\"es\"},{\"@type\":\"WebPage\",\"@id\":\"https:\\\/\\\/tv.joycemeyer.org\\\/espanol\\\/2019\\\/03\\\/31\\\/vestirse-para-la-batalla\\\/\",\"url\":\"https:\\\/\\\/tv.joycemeyer.org\\\/espanol\\\/2019\\\/03\\\/31\\\/vestirse-para-la-batalla\\\/\",\"name\":\"Vestirse Para la Batalla - Joyce Meyer Ministries - Espanol\",\"isPartOf\":{\"@id\":\"https:\\\/\\\/tv.joycemeyer.org\\\/espanol\\\/#website\"},\"primaryImageOfPage\":{\"@id\":\"https:\\\/\\\/tv.joycemeyer.org\\\/espanol\\\/2019\\\/03\\\/31\\\/vestirse-para-la-batalla\\\/#primaryimage\"},\"image\":{\"@id\":\"https:\\\/\\\/tv.joycemeyer.org\\\/espanol\\\/2019\\\/03\\\/31\\\/vestirse-para-la-batalla\\\/#primaryimage\"},\"thumbnailUrl\":\"https:\\\/\\\/tv.joycemeyer.org\\\/espanol\\\/wp-content\\\/uploads\\\/sites\\\/3\\\/2019\\\/03\\\/Vestirse-Para-la-Batalla-2.jpg\",\"datePublished\":\"2019-03-31T08:00:50+00:00\",\"dateModified\":\"2022-03-11T19:24:16+00:00\",\"author\":{\"@id\":\"https:\\\/\\\/tv.joycemeyer.org\\\/espanol\\\/#\\\/schema\\\/person\\\/ec8ccae150e510d204c6f1130fa8f05f\"},\"breadcrumb\":{\"@id\":\"https:\\\/\\\/tv.joycemeyer.org\\\/espanol\\\/2019\\\/03\\\/31\\\/vestirse-para-la-batalla\\\/#breadcrumb\"},\"inLanguage\":\"es\",\"potentialAction\":[{\"@type\":\"ReadAction\",\"target\":[\"https:\\\/\\\/tv.joycemeyer.org\\\/espanol\\\/2019\\\/03\\\/31\\\/vestirse-para-la-batalla\\\/\"]}]},{\"@type\":\"ImageObject\",\"inLanguage\":\"es\",\"@id\":\"https:\\\/\\\/tv.joycemeyer.org\\\/espanol\\\/2019\\\/03\\\/31\\\/vestirse-para-la-batalla\\\/#primaryimage\",\"url\":\"https:\\\/\\\/tv.joycemeyer.org\\\/espanol\\\/wp-content\\\/uploads\\\/sites\\\/3\\\/2019\\\/03\\\/Vestirse-Para-la-Batalla-2.jpg\",\"contentUrl\":\"https:\\\/\\\/tv.joycemeyer.org\\\/espanol\\\/wp-content\\\/uploads\\\/sites\\\/3\\\/2019\\\/03\\\/Vestirse-Para-la-Batalla-2.jpg\",\"width\":1800,\"height\":1050,\"caption\":\"Vestirse Para la Batalla\"},{\"@type\":\"BreadcrumbList\",\"@id\":\"https:\\\/\\\/tv.joycemeyer.org\\\/espanol\\\/2019\\\/03\\\/31\\\/vestirse-para-la-batalla\\\/#breadcrumb\",\"itemListElement\":[{\"@type\":\"ListItem\",\"position\":1,\"name\":\"Home\",\"item\":\"https:\\\/\\\/tv.joycemeyer.org\\\/espanol\\\/\"},{\"@type\":\"ListItem\",\"position\":2,\"name\":\"Vestirse Para la Batalla\"}]},{\"@type\":\"WebSite\",\"@id\":\"https:\\\/\\\/tv.joycemeyer.org\\\/espanol\\\/#website\",\"url\":\"https:\\\/\\\/tv.joycemeyer.org\\\/espanol\\\/\",\"name\":\"Joyce Meyer Ministries - Espanol\",\"description\":\"Disfrutando la Vida Diaria\",\"potentialAction\":[{\"@type\":\"SearchAction\",\"target\":{\"@type\":\"EntryPoint\",\"urlTemplate\":\"https:\\\/\\\/tv.joycemeyer.org\\\/espanol\\\/?s={search_term_string}\"},\"query-input\":{\"@type\":\"PropertyValueSpecification\",\"valueRequired\":true,\"valueName\":\"search_term_string\"}}],\"inLanguage\":\"es\"},{\"@type\":\"Person\",\"@id\":\"https:\\\/\\\/tv.joycemeyer.org\\\/espanol\\\/#\\\/schema\\\/person\\\/ec8ccae150e510d204c6f1130fa8f05f\",\"name\":\"jmcdevitt\",\"image\":{\"@type\":\"ImageObject\",\"inLanguage\":\"es\",\"@id\":\"https:\\\/\\\/secure.gravatar.com\\\/avatar\\\/2cf38691e4af58f7430585991378478f69715cbc90542911518c88f8bd7227a7?s=96&d=mm&r=g\",\"url\":\"https:\\\/\\\/secure.gravatar.com\\\/avatar\\\/2cf38691e4af58f7430585991378478f69715cbc90542911518c88f8bd7227a7?s=96&d=mm&r=g\",\"contentUrl\":\"https:\\\/\\\/secure.gravatar.com\\\/avatar\\\/2cf38691e4af58f7430585991378478f69715cbc90542911518c88f8bd7227a7?s=96&d=mm&r=g\",\"caption\":\"jmcdevitt\"},\"url\":\"https:\\\/\\\/tv.joycemeyer.org\\\/espanol\\\/author\\\/jmcdevitt\\\/\"}]}<\/script>\n<!-- \/ Yoast SEO plugin. -->","yoast_head_json":{"title":"Vestirse Para la Batalla - Joyce Meyer Ministries - Espanol","robots":{"index":"index","follow":"follow","max-snippet":"max-snippet:-1","max-image-preview":"max-image-preview:large","max-video-preview":"max-video-preview:-1"},"canonical":"https:\/\/tv.joycemeyer.org\/espanol\/2019\/03\/31\/vestirse-para-la-batalla\/","og_locale":"es_ES","og_type":"article","og_title":"Vestirse Para la Batalla - Joyce Meyer Ministries - Espanol","og_description":"Como hijos de Dios, tenemos poder y autoridad sobre el diablo. Y debemos usar ese poder y autoridad para el bien &#8230; y para el servicio a los dem\u00e1s. Eso casi suena como algo que se podr\u00eda decir acerca de un superh\u00e9roe, \u00bfno? Me recuerda a una carta que una vez recib\u00ed de una mujer,...","og_url":"https:\/\/tv.joycemeyer.org\/espanol\/2019\/03\/31\/vestirse-para-la-batalla\/","og_site_name":"Joyce Meyer Ministries - Espanol","article_publisher":"https:\/\/www.facebook.com\/JoyceMeyerMinistriesEspanol\/","article_published_time":"2019-03-31T08:00:50+00:00","article_modified_time":"2022-03-11T19:24:16+00:00","og_image":[{"width":1800,"height":1050,"url":"https:\/\/tv.joycemeyer.org\/espanol\/wp-content\/uploads\/sites\/3\/2019\/03\/Vestirse-Para-la-Batalla-2.jpg","type":"image\/jpeg"}],"author":"jmcdevitt","twitter_card":"summary_large_image","twitter_misc":{"Escrito por":"jmcdevitt","Tiempo de lectura":"4 minutos"},"schema":{"@context":"https:\/\/schema.org","@graph":[{"@type":"Article","@id":"https:\/\/tv.joycemeyer.org\/espanol\/2019\/03\/31\/vestirse-para-la-batalla\/#article","isPartOf":{"@id":"https:\/\/tv.joycemeyer.org\/espanol\/2019\/03\/31\/vestirse-para-la-batalla\/"},"author":{"name":"jmcdevitt","@id":"https:\/\/tv.joycemeyer.org\/espanol\/#\/schema\/person\/ec8ccae150e510d204c6f1130fa8f05f"},"headline":"Vestirse Para la Batalla","datePublished":"2019-03-31T08:00:50+00:00","dateModified":"2022-03-11T19:24:16+00:00","mainEntityOfPage":{"@id":"https:\/\/tv.joycemeyer.org\/espanol\/2019\/03\/31\/vestirse-para-la-batalla\/"},"wordCount":885,"image":{"@id":"https:\/\/tv.joycemeyer.org\/espanol\/2019\/03\/31\/vestirse-para-la-batalla\/#primaryimage"},"thumbnailUrl":"https:\/\/tv.joycemeyer.org\/espanol\/wp-content\/uploads\/sites\/3\/2019\/03\/Vestirse-Para-la-Batalla-2.jpg","articleSection":["Uncategorized"],"inLanguage":"es"},{"@type":"WebPage","@id":"https:\/\/tv.joycemeyer.org\/espanol\/2019\/03\/31\/vestirse-para-la-batalla\/","url":"https:\/\/tv.joycemeyer.org\/espanol\/2019\/03\/31\/vestirse-para-la-batalla\/","name":"Vestirse Para la Batalla - Joyce Meyer Ministries - Espanol","isPartOf":{"@id":"https:\/\/tv.joycemeyer.org\/espanol\/#website"},"primaryImageOfPage":{"@id":"https:\/\/tv.joycemeyer.org\/espanol\/2019\/03\/31\/vestirse-para-la-batalla\/#primaryimage"},"image":{"@id":"https:\/\/tv.joycemeyer.org\/espanol\/2019\/03\/31\/vestirse-para-la-batalla\/#primaryimage"},"thumbnailUrl":"https:\/\/tv.joycemeyer.org\/espanol\/wp-content\/uploads\/sites\/3\/2019\/03\/Vestirse-Para-la-Batalla-2.jpg","datePublished":"2019-03-31T08:00:50+00:00","dateModified":"2022-03-11T19:24:16+00:00","author":{"@id":"https:\/\/tv.joycemeyer.org\/espanol\/#\/schema\/person\/ec8ccae150e510d204c6f1130fa8f05f"},"breadcrumb":{"@id":"https:\/\/tv.joycemeyer.org\/espanol\/2019\/03\/31\/vestirse-para-la-batalla\/#breadcrumb"},"inLanguage":"es","potentialAction":[{"@type":"ReadAction","target":["https:\/\/tv.joycemeyer.org\/espanol\/2019\/03\/31\/vestirse-para-la-batalla\/"]}]},{"@type":"ImageObject","inLanguage":"es","@id":"https:\/\/tv.joycemeyer.org\/espanol\/2019\/03\/31\/vestirse-para-la-batalla\/#primaryimage","url":"https:\/\/tv.joycemeyer.org\/espanol\/wp-content\/uploads\/sites\/3\/2019\/03\/Vestirse-Para-la-Batalla-2.jpg","contentUrl":"https:\/\/tv.joycemeyer.org\/espanol\/wp-content\/uploads\/sites\/3\/2019\/03\/Vestirse-Para-la-Batalla-2.jpg","width":1800,"height":1050,"caption":"Vestirse Para la Batalla"},{"@type":"BreadcrumbList","@id":"https:\/\/tv.joycemeyer.org\/espanol\/2019\/03\/31\/vestirse-para-la-batalla\/#breadcrumb","itemListElement":[{"@type":"ListItem","position":1,"name":"Home","item":"https:\/\/tv.joycemeyer.org\/espanol\/"},{"@type":"ListItem","position":2,"name":"Vestirse Para la Batalla"}]},{"@type":"WebSite","@id":"https:\/\/tv.joycemeyer.org\/espanol\/#website","url":"https:\/\/tv.joycemeyer.org\/espanol\/","name":"Joyce Meyer Ministries - Espanol","description":"Disfrutando la Vida Diaria","potentialAction":[{"@type":"SearchAction","target":{"@type":"EntryPoint","urlTemplate":"https:\/\/tv.joycemeyer.org\/espanol\/?s={search_term_string}"},"query-input":{"@type":"PropertyValueSpecification","valueRequired":true,"valueName":"search_term_string"}}],"inLanguage":"es"},{"@type":"Person","@id":"https:\/\/tv.joycemeyer.org\/espanol\/#\/schema\/person\/ec8ccae150e510d204c6f1130fa8f05f","name":"jmcdevitt","image":{"@type":"ImageObject","inLanguage":"es","@id":"https:\/\/secure.gravatar.com\/avatar\/2cf38691e4af58f7430585991378478f69715cbc90542911518c88f8bd7227a7?s=96&d=mm&r=g","url":"https:\/\/secure.gravatar.com\/avatar\/2cf38691e4af58f7430585991378478f69715cbc90542911518c88f8bd7227a7?s=96&d=mm&r=g","contentUrl":"https:\/\/secure.gravatar.com\/avatar\/2cf38691e4af58f7430585991378478f69715cbc90542911518c88f8bd7227a7?s=96&d=mm&r=g","caption":"jmcdevitt"},"url":"https:\/\/tv.joycemeyer.org\/espanol\/author\/jmcdevitt\/"}]}},"featured_image_urls":{"medium":"https:\/\/tv.joycemeyer.org\/espanol\/wp-content\/uploads\/sites\/3\/2019\/03\/Vestirse-Para-la-Batalla-2-300x175.jpg","large":"https:\/\/tv.joycemeyer.org\/espanol\/wp-content\/uploads\/sites\/3\/2019\/03\/Vestirse-Para-la-Batalla-2-1024x597.jpg","thumbnail":"https:\/\/tv.joycemeyer.org\/espanol\/wp-content\/uploads\/sites\/3\/2019\/03\/Vestirse-Para-la-Batalla-2-150x150.jpg","medium_large":"https:\/\/tv.joycemeyer.org\/espanol\/wp-content\/uploads\/sites\/3\/2019\/03\/Vestirse-Para-la-Batalla-2-768x448.jpg","1536x1536":"https:\/\/tv.joycemeyer.org\/espanol\/wp-content\/uploads\/sites\/3\/2019\/03\/Vestirse-Para-la-Batalla-2-1536x896.jpg","listing":"https:\/\/tv.joycemeyer.org\/espanol\/wp-content\/uploads\/sites\/3\/2019\/03\/Vestirse-Para-la-Batalla-2-640x360.jpg","feature":"https:\/\/tv.joycemeyer.org\/espanol\/wp-content\/uploads\/sites\/3\/2019\/03\/Vestirse-Para-la-Batalla-2-960x540.jpg","ebook":"https:\/\/tv.joycemeyer.org\/espanol\/wp-content\/uploads\/sites\/3\/2019\/03\/Vestirse-Para-la-Batalla-2-300x435.jpg","header":"https:\/\/tv.joycemeyer.org\/espanol\/wp-content\/uploads\/sites\/3\/2019\/03\/Vestirse-Para-la-Batalla-2-1600x340.jpg","rpwe-thumbnail":"https:\/\/tv.joycemeyer.org\/espanol\/wp-content\/uploads\/sites\/3\/2019\/03\/Vestirse-Para-la-Batalla-2-45x45.jpg"},"appp_media":null,"_links":{"self":[{"href":"https:\/\/tv.joycemeyer.org\/espanol\/wp-json\/wp\/v2\/posts\/332","targetHints":{"allow":["GET"]}}],"collection":[{"href":"https:\/\/tv.joycemeyer.org\/espanol\/wp-json\/wp\/v2\/posts"}],"about":[{"href":"https:\/\/tv.joycemeyer.org\/espanol\/wp-json\/wp\/v2\/types\/post"}],"author":[{"embeddable":true,"href":"https:\/\/tv.joycemeyer.org\/espanol\/wp-json\/wp\/v2\/users\/4"}],"replies":[{"embeddable":true,"href":"https:\/\/tv.joycemeyer.org\/espanol\/wp-json\/wp\/v2\/comments?post=332"}],"version-history":[{"count":0,"href":"https:\/\/tv.joycemeyer.org\/espanol\/wp-json\/wp\/v2\/posts\/332\/revisions"}],"wp:featuredmedia":[{"embeddable":true,"href":"https:\/\/tv.joycemeyer.org\/espanol\/wp-json\/wp\/v2\/media\/4080"}],"wp:attachment":[{"href":"https:\/\/tv.joycemeyer.org\/espanol\/wp-json\/wp\/v2\/media?parent=332"}],"wp:term":[{"taxonomy":"category","embeddable":true,"href":"https:\/\/tv.joycemeyer.org\/espanol\/wp-json\/wp\/v2\/categories?post=332"},{"taxonomy":"post_tag","embeddable":true,"href":"https:\/\/tv.joycemeyer.org\/espanol\/wp-json\/wp\/v2\/tags?post=332"}],"curies":[{"name":"wp","href":"https:\/\/api.w.org\/{rel}","templated":true}]}}