{"id":277,"date":"2022-06-03T00:01:39","date_gmt":"2022-06-02T22:01:39","guid":{"rendered":"https:\/\/tv.joycemeyer.org\/italiano\/?p=277"},"modified":"2022-06-03T16:36:26","modified_gmt":"2022-06-03T14:36:26","slug":"sette-ragioni-per-cui-non-ci","status":"publish","type":"post","link":"https:\/\/tv.joycemeyer.org\/italiano\/2022\/06\/03\/sette-ragioni-per-cui-non-ci\/","title":{"rendered":"Sette ragioni per cui non ci prendiamo cura di noi stessi"},"content":{"rendered":"<blockquote><p>Per via del mio ministero incontro tante persone e, purtroppo, noto che tante di loro non si prendono cura di se stesse.<\/p><\/blockquote>\n<p>Alcune di esse non stanno per niente bene, come risulta evidente dal loro aspetto e portamento. In effetti, se non ti senti bene, non puoi nemmeno apparire bene. Il modo in cui ti senti si manifester\u00e0 in qualche modo: nel tuo linguaggio del corpo, nel tuo sguardo o persino nel tuo colorito.<\/p>\n<p>Dovrebbe venirci naturale prenderci cura di noi stessi, ma allora perch\u00e9 non sempre lo facciamo? Io mi sono data le seguenti spiegazioni:<\/p>\n<h4><strong>1. Non sappiamo come prenderci cura del nostro corpo fisico.<\/strong><\/h4>\n<p>Decenni di alimentazione scorretta e disinformazione hanno fatto dimenticare a tante persone cosa significhi mangiare sano.<\/p>\n<h4><strong>2. I mass media e la pubblicit\u00e0 ci hanno trasmesso un\u2019immagine distorta del corpo umano.<\/strong><\/h4>\n<p>Da un lato, siamo bombardati da ideali irraggiungibili di bellezza, dall\u2019altro l\u2019obesit\u00e0 \u00e8 cos\u00ec diffusa che ormai \u00e8 considerata quasi normale. Dobbiamo \u201cresettare\u201d la nostra immagine interiore dell\u2019aspetto che una persona sana dovrebbe avere.<\/p>\n<h4><strong>3. Fare esercizio fisico sta diventando sempre pi\u00f9 una rarit\u00e0.<\/strong><\/h4>\n<p>Per gran parte di tutta l&#8217;esistenza umana, l&#8217;attivit\u00e0 fisica ha sempre fatto parte della vita quotidiana delle persone. Ora tutte le comodit\u00e0 a nostra disposizione hanno ridotto drasticamente il nostro esercizio fisico, nonostante il nostro benessere dipenda fortemente da esso.<\/p>\n<h4><strong>4. Siamo scivolati in uno stile di vita insostenibile.<\/strong><\/h4>\n<p>Essendo sottoposti all\u2019incredibile pressione di doverci destreggiare tra carriera e famiglia, dover far fronte a mutui elevati e costi del carburante in continuo aumento, non riuscire a dire di no a tutte le attivit\u00e0 che ci vengono propinate, \u00e8 facile ritrovarci a rinunciare all\u2019esercizio fisico, mangiare un panino al volo e ridurre le ore di sonno pur di rispettare tutti gli impegni presi. Ma in questo modo finiremo per eliminare dalla nostra vita tutto ci\u00f2 che una volta ci piaceva e ci faceva rimanere in salute. La vita per\u00f2 \u00e8 un dono e dovrebbe essere vissuta con gioia, all\u2019insegna del benessere fisico e psicologico.<\/p>\n<h4><strong>5. Siamo diventati patologicamente altruisti.\u00a0L\u2019altruismo pu\u00f2 causare assuefazione.<\/strong><\/h4>\n<p>Fare cose per gli altri ci fa stare bene e ci fa sentire importanti. Certo, \u00e8 buono aiutare gli altri e dovrebbe fare parte integrante della nostra vita, ma a me \u00e8 capitato spesso di vedere che tante persone, nel tentativo di aiutare gli altri, ignorano le proprie necessit\u00e0 di base. L\u2019unica cosa che d\u00e0 un senso alla loro vita \u00e8 fare cose per gli altri. Questo \u00e8 ammirevole, ma vi \u00e8 il rischio di finire per considerare la sofferenza come una virt\u00f9. L\u2019eccessiva sofferenza rende amareggiati, e una volta che il corpo non regge pi\u00f9 e la vita smette di essere gioiosa, diventa sempre pi\u00f9 difficile servire gli altri. Per poter riparare adeguatamente un\u2019automobile, un meccanico deve accertarsi che tutti i suoi attrezzi siano in buono stato e che tutte le sue apparecchiature funzionino correttamente. Tu devi fare lo stesso con il tuo \u201cattrezzo\u201d pi\u00f9 importante: il tuo corpo.<\/p>\n<blockquote><p>Non sto suggerendo che dobbiamo diventare egoisti, poich\u00e9 questo ci renderebbe infelici e non \u00e8 cos\u00ec che Dio ci esorta a vivere. Dobbiamo prenderci cura degli altri e compiere buone opere, senza per\u00f2 ignorare le nostre necessit\u00e0 basilari. Se nella vita non riusciamo a mantenere un equilibrio, prima poi qualcosa si dannegger\u00e0 e spesso saremo proprio noi.<\/p><\/blockquote>\n<h4><strong>6. Siamo sempre pi\u00f9 soli<\/strong>.<\/h4>\n<p>Quando non abbiamo una buona vita sociale o un valido fondamento spirituale che ci tengano alto il morale, diventa facile scivolare nella noia, nella solitudine e nella depressione. Se noi non siamo in grado di riempire quel vuoto, lo far\u00e0 il diavolo. Come diceva Aristotele, \u201cla natura teme gli spazi vuoti\u201d. Ebbene, il diavolo invece li ama! Ad esempio, ti metter\u00e0 davanti dei cibi-spazzatura facendoti confondere la tua fame spirituale o emotiva con fame fisica. Mantenere delle buone relazioni interpersonali \u00e8 un ottimo modo per prevenire la formazione di cattive abitudini.<\/p>\n<p>Dobbiamo circondarci delle persone giuste, che non temeranno di correggerci se ci vedranno \u201csbandare\u201d. Dobbiamo trascorrere regolarmente tempo in comunione con Dio, imparando i Suoi principi. Il Suo Spirito Santo che opera attraverso la Sua Parola, la Bibbia, ci compunger\u00e0 quando sbagliamo e ci dar\u00e0 la possibilit\u00e0 di attuare cambiamenti positivi prima di avere un crollo fisico o di ammalarci.<\/p>\n<h4><strong>7. Abbiamo dimenticato quanto valiamo<\/strong>.<\/h4>\n<p>Questa \u00e8 la ragione principale per cui non ci prendiamo cura di noi. Se non comprendi quanto sei importante all\u2019interno del Piano generale di Dio, non vedrai il motivo per cui doverti prendere cura di te stesso. Ecco perch\u00e9 \u00e8 cos\u00ec essenziale ricordare che svolgi un ruolo importante in tale Piano.<\/p>\n<p>Il nostro spirito e il nostro corpo sono strettamente collegati, ed \u00e8 importante che lo comprendiamo.<\/p>\n<p>Dio ha un futuro grandioso in serbo per te e tu devi essere preparato! Accertati di essere in buona forma fisica e mentale, pronto per qualsiasi cosa Dio ti chieder\u00e0 di fare.<\/p>\n","protected":false},"excerpt":{"rendered":"<p>Per via del mio ministero incontro tante persone e, purtroppo, noto che tante di loro non si prendono cura di se stesse. Alcune di esse non stanno per niente bene, come risulta evidente dal loro aspetto e portamento. In effetti, se non ti senti bene, non puoi nemmeno apparire bene. Il modo in cui ti&#8230;<\/p>\n","protected":false},"author":15,"featured_media":4642,"comment_status":"closed","ping_status":"open","sticky":false,"template":"","format":"standard","meta":{"_acf_changed":false,"footnotes":""},"categories":[1],"tags":[],"class_list":["post-277","post","type-post","status-publish","format-standard","has-post-thumbnail","hentry","category-uncategorized"],"acf":[],"appp":{"post_detail":{"above_title":"<div class=\"post-featured-wrap\"><img width=\"1024\" height=\"597\" src=\"https:\/\/tv.joycemeyer.org\/italiano\/wp-content\/uploads\/sites\/6\/2021\/08\/Sette-ragioni-per-cui-non-ci-prendiamo-cura-di-noi-stessi-1-1024x597.jpg\" class=\"post-featured wp-post-image\" alt=\"Sette ragioni per cui non ci prendiamo cura di noi stessi\" decoding=\"async\" srcset=\"https:\/\/tv.joycemeyer.org\/italiano\/wp-content\/uploads\/sites\/6\/2021\/08\/Sette-ragioni-per-cui-non-ci-prendiamo-cura-di-noi-stessi-1-1024x597.jpg 1024w, https:\/\/tv.joycemeyer.org\/italiano\/wp-content\/uploads\/sites\/6\/2021\/08\/Sette-ragioni-per-cui-non-ci-prendiamo-cura-di-noi-stessi-1-300x175.jpg 300w, https:\/\/tv.joycemeyer.org\/italiano\/wp-content\/uploads\/sites\/6\/2021\/08\/Sette-ragioni-per-cui-non-ci-prendiamo-cura-di-noi-stessi-1-768x448.jpg 768w, https:\/\/tv.joycemeyer.org\/italiano\/wp-content\/uploads\/sites\/6\/2021\/08\/Sette-ragioni-per-cui-non-ci-prendiamo-cura-di-noi-stessi-1-1536x896.jpg 1536w, https:\/\/tv.joycemeyer.org\/italiano\/wp-content\/uploads\/sites\/6\/2021\/08\/Sette-ragioni-per-cui-non-ci-prendiamo-cura-di-noi-stessi-1.jpg 1800w\" sizes=\"(max-width: 1024px) 100vw, 1024px\" \/><\/div>","below_content":"<div class=\"list-item list-item--full list-item--footer-ad clearfix \"><img width=\"1024\" height=\"597\" src=\"https:\/\/tv.joycemeyer.org\/italiano\/wp-content\/uploads\/sites\/6\/2022\/04\/Bulgarian-Podcast-Devo-Footer-1024x597.jpg\" class=\"list-item__image\" alt=\"Nuovi episodi. Ascoltali subito!\" decoding=\"async\" srcset=\"https:\/\/tv.joycemeyer.org\/italiano\/wp-content\/uploads\/sites\/6\/2022\/04\/Bulgarian-Podcast-Devo-Footer-1024x597.jpg 1024w, https:\/\/tv.joycemeyer.org\/italiano\/wp-content\/uploads\/sites\/6\/2022\/04\/Bulgarian-Podcast-Devo-Footer-300x175.jpg 300w, https:\/\/tv.joycemeyer.org\/italiano\/wp-content\/uploads\/sites\/6\/2022\/04\/Bulgarian-Podcast-Devo-Footer-768x448.jpg 768w, https:\/\/tv.joycemeyer.org\/italiano\/wp-content\/uploads\/sites\/6\/2022\/04\/Bulgarian-Podcast-Devo-Footer-1536x896.jpg 1536w, https:\/\/tv.joycemeyer.org\/italiano\/wp-content\/uploads\/sites\/6\/2022\/04\/Bulgarian-Podcast-Devo-Footer.jpg 1800w\" sizes=\"(max-width: 1024px) 100vw, 1024px\" \/><div class=\"list-item__content\">\"Come godersi la vita di ogni giorno\"\u00ae \u00e8 una trasmissione televisiva e radiofonica quotidiana offerta da Joyce Meyer Ministries.\r\n\r\n<strong><a class=\"button\" href=\"https:\/\/joycemeyerit.libsyn.com\/website\">Ascoltali subito<\/a><\/strong><\/div><\/div>"}},"yoast_head":"<!-- This site is optimized with the Yoast SEO plugin v27.4 - https:\/\/yoast.com\/product\/yoast-seo-wordpress\/ -->\n<title>Sette ragioni per cui non ci prendiamo cura di noi stessi - Joyce Meyer Ministries - Italiano<\/title>\n<meta name=\"description\" content=\"Joyce Meyer Ministries - Italiano - Articoli tratti da insegnamenti\" \/>\n<meta name=\"robots\" content=\"index, follow, max-snippet:-1, max-image-preview:large, max-video-preview:-1\" \/>\n<link rel=\"canonical\" href=\"https:\/\/tv.joycemeyer.org\/italiano\/2022\/06\/03\/sette-ragioni-per-cui-non-ci\/\" \/>\n<meta property=\"og:locale\" content=\"it_IT\" \/>\n<meta property=\"og:type\" content=\"article\" \/>\n<meta property=\"og:title\" content=\"Sette ragioni per cui non ci prendiamo cura di noi stessi - Joyce Meyer Ministries - Italiano\" \/>\n<meta property=\"og:description\" content=\"Joyce Meyer Ministries - Italiano - Articoli tratti da insegnamenti\" \/>\n<meta property=\"og:url\" content=\"https:\/\/tv.joycemeyer.org\/italiano\/2022\/06\/03\/sette-ragioni-per-cui-non-ci\/\" \/>\n<meta property=\"og:site_name\" content=\"Joyce Meyer Ministries - Italiano\" \/>\n<meta property=\"article:publisher\" content=\"https:\/\/www.facebook.com\/joycemeyerministriesitaliano\/\" \/>\n<meta property=\"article:published_time\" content=\"2022-06-02T22:01:39+00:00\" \/>\n<meta property=\"article:modified_time\" content=\"2022-06-03T14:36:26+00:00\" \/>\n<meta property=\"og:image\" content=\"https:\/\/tv.joycemeyer.org\/italiano\/wp-content\/uploads\/sites\/6\/2021\/08\/Sette-ragioni-per-cui-non-ci-prendiamo-cura-di-noi-stessi-1.jpg\" \/>\n\t<meta property=\"og:image:width\" content=\"1800\" \/>\n\t<meta property=\"og:image:height\" content=\"1050\" \/>\n\t<meta property=\"og:image:type\" content=\"image\/jpeg\" \/>\n<meta name=\"author\" content=\"kwomack\" \/>\n<meta name=\"twitter:card\" content=\"summary_large_image\" \/>\n<meta name=\"twitter:label1\" content=\"Scritto da\" \/>\n\t<meta name=\"twitter:data1\" content=\"kwomack\" \/>\n\t<meta name=\"twitter:label2\" content=\"Tempo di lettura stimato\" \/>\n\t<meta name=\"twitter:data2\" content=\"4 minuti\" \/>\n<script type=\"application\/ld+json\" class=\"yoast-schema-graph\">{\"@context\":\"https:\\\/\\\/schema.org\",\"@graph\":[{\"@type\":\"Article\",\"@id\":\"https:\\\/\\\/tv.joycemeyer.org\\\/italiano\\\/2022\\\/06\\\/03\\\/sette-ragioni-per-cui-non-ci\\\/#article\",\"isPartOf\":{\"@id\":\"https:\\\/\\\/tv.joycemeyer.org\\\/italiano\\\/2022\\\/06\\\/03\\\/sette-ragioni-per-cui-non-ci\\\/\"},\"author\":{\"name\":\"kwomack\",\"@id\":\"https:\\\/\\\/tv.joycemeyer.org\\\/italiano\\\/#\\\/schema\\\/person\\\/d5942c2e9bb9f024a1d1eb6ad471a65b\"},\"headline\":\"Sette ragioni per cui non ci prendiamo cura di noi stessi\",\"datePublished\":\"2022-06-02T22:01:39+00:00\",\"dateModified\":\"2022-06-03T14:36:26+00:00\",\"mainEntityOfPage\":{\"@id\":\"https:\\\/\\\/tv.joycemeyer.org\\\/italiano\\\/2022\\\/06\\\/03\\\/sette-ragioni-per-cui-non-ci\\\/\"},\"wordCount\":814,\"image\":{\"@id\":\"https:\\\/\\\/tv.joycemeyer.org\\\/italiano\\\/2022\\\/06\\\/03\\\/sette-ragioni-per-cui-non-ci\\\/#primaryimage\"},\"thumbnailUrl\":\"https:\\\/\\\/tv.joycemeyer.org\\\/italiano\\\/wp-content\\\/uploads\\\/sites\\\/6\\\/2021\\\/08\\\/Sette-ragioni-per-cui-non-ci-prendiamo-cura-di-noi-stessi-1.jpg\",\"articleSection\":[\"Uncategorized\"],\"inLanguage\":\"it-IT\"},{\"@type\":\"WebPage\",\"@id\":\"https:\\\/\\\/tv.joycemeyer.org\\\/italiano\\\/2022\\\/06\\\/03\\\/sette-ragioni-per-cui-non-ci\\\/\",\"url\":\"https:\\\/\\\/tv.joycemeyer.org\\\/italiano\\\/2022\\\/06\\\/03\\\/sette-ragioni-per-cui-non-ci\\\/\",\"name\":\"Sette ragioni per cui non ci prendiamo cura di noi stessi - Joyce Meyer Ministries - Italiano\",\"isPartOf\":{\"@id\":\"https:\\\/\\\/tv.joycemeyer.org\\\/italiano\\\/#website\"},\"primaryImageOfPage\":{\"@id\":\"https:\\\/\\\/tv.joycemeyer.org\\\/italiano\\\/2022\\\/06\\\/03\\\/sette-ragioni-per-cui-non-ci\\\/#primaryimage\"},\"image\":{\"@id\":\"https:\\\/\\\/tv.joycemeyer.org\\\/italiano\\\/2022\\\/06\\\/03\\\/sette-ragioni-per-cui-non-ci\\\/#primaryimage\"},\"thumbnailUrl\":\"https:\\\/\\\/tv.joycemeyer.org\\\/italiano\\\/wp-content\\\/uploads\\\/sites\\\/6\\\/2021\\\/08\\\/Sette-ragioni-per-cui-non-ci-prendiamo-cura-di-noi-stessi-1.jpg\",\"datePublished\":\"2022-06-02T22:01:39+00:00\",\"dateModified\":\"2022-06-03T14:36:26+00:00\",\"author\":{\"@id\":\"https:\\\/\\\/tv.joycemeyer.org\\\/italiano\\\/#\\\/schema\\\/person\\\/d5942c2e9bb9f024a1d1eb6ad471a65b\"},\"description\":\"Joyce Meyer Ministries - Italiano - Articoli tratti da insegnamenti\",\"breadcrumb\":{\"@id\":\"https:\\\/\\\/tv.joycemeyer.org\\\/italiano\\\/2022\\\/06\\\/03\\\/sette-ragioni-per-cui-non-ci\\\/#breadcrumb\"},\"inLanguage\":\"it-IT\",\"potentialAction\":[{\"@type\":\"ReadAction\",\"target\":[\"https:\\\/\\\/tv.joycemeyer.org\\\/italiano\\\/2022\\\/06\\\/03\\\/sette-ragioni-per-cui-non-ci\\\/\"]}]},{\"@type\":\"ImageObject\",\"inLanguage\":\"it-IT\",\"@id\":\"https:\\\/\\\/tv.joycemeyer.org\\\/italiano\\\/2022\\\/06\\\/03\\\/sette-ragioni-per-cui-non-ci\\\/#primaryimage\",\"url\":\"https:\\\/\\\/tv.joycemeyer.org\\\/italiano\\\/wp-content\\\/uploads\\\/sites\\\/6\\\/2021\\\/08\\\/Sette-ragioni-per-cui-non-ci-prendiamo-cura-di-noi-stessi-1.jpg\",\"contentUrl\":\"https:\\\/\\\/tv.joycemeyer.org\\\/italiano\\\/wp-content\\\/uploads\\\/sites\\\/6\\\/2021\\\/08\\\/Sette-ragioni-per-cui-non-ci-prendiamo-cura-di-noi-stessi-1.jpg\",\"width\":1800,\"height\":1050,\"caption\":\"Sette ragioni per cui non ci prendiamo cura di noi stessi\"},{\"@type\":\"BreadcrumbList\",\"@id\":\"https:\\\/\\\/tv.joycemeyer.org\\\/italiano\\\/2022\\\/06\\\/03\\\/sette-ragioni-per-cui-non-ci\\\/#breadcrumb\",\"itemListElement\":[{\"@type\":\"ListItem\",\"position\":1,\"name\":\"Home\",\"item\":\"https:\\\/\\\/tv.joycemeyer.org\\\/italiano\\\/\"},{\"@type\":\"ListItem\",\"position\":2,\"name\":\"Sette ragioni per cui non ci prendiamo cura di noi stessi\"}]},{\"@type\":\"WebSite\",\"@id\":\"https:\\\/\\\/tv.joycemeyer.org\\\/italiano\\\/#website\",\"url\":\"https:\\\/\\\/tv.joycemeyer.org\\\/italiano\\\/\",\"name\":\"Joyce Meyer Ministries - Italiano\",\"description\":\"Condividiamo Cristo - Amiamo le persone\",\"potentialAction\":[{\"@type\":\"SearchAction\",\"target\":{\"@type\":\"EntryPoint\",\"urlTemplate\":\"https:\\\/\\\/tv.joycemeyer.org\\\/italiano\\\/?s={search_term_string}\"},\"query-input\":{\"@type\":\"PropertyValueSpecification\",\"valueRequired\":true,\"valueName\":\"search_term_string\"}}],\"inLanguage\":\"it-IT\"},{\"@type\":\"Person\",\"@id\":\"https:\\\/\\\/tv.joycemeyer.org\\\/italiano\\\/#\\\/schema\\\/person\\\/d5942c2e9bb9f024a1d1eb6ad471a65b\",\"name\":\"kwomack\",\"image\":{\"@type\":\"ImageObject\",\"inLanguage\":\"it-IT\",\"@id\":\"https:\\\/\\\/secure.gravatar.com\\\/avatar\\\/49f69e9f8bcaf026000fdd68b8021503054964feff697ac29da0effde29d2a00?s=96&d=mm&r=g\",\"url\":\"https:\\\/\\\/secure.gravatar.com\\\/avatar\\\/49f69e9f8bcaf026000fdd68b8021503054964feff697ac29da0effde29d2a00?s=96&d=mm&r=g\",\"contentUrl\":\"https:\\\/\\\/secure.gravatar.com\\\/avatar\\\/49f69e9f8bcaf026000fdd68b8021503054964feff697ac29da0effde29d2a00?s=96&d=mm&r=g\",\"caption\":\"kwomack\"},\"url\":\"https:\\\/\\\/tv.joycemeyer.org\\\/italiano\\\/author\\\/kwomack\\\/\"}]}<\/script>\n<!-- \/ Yoast SEO plugin. -->","yoast_head_json":{"title":"Sette ragioni per cui non ci prendiamo cura di noi stessi - Joyce Meyer Ministries - Italiano","description":"Joyce Meyer Ministries - Italiano - Articoli tratti da insegnamenti","robots":{"index":"index","follow":"follow","max-snippet":"max-snippet:-1","max-image-preview":"max-image-preview:large","max-video-preview":"max-video-preview:-1"},"canonical":"https:\/\/tv.joycemeyer.org\/italiano\/2022\/06\/03\/sette-ragioni-per-cui-non-ci\/","og_locale":"it_IT","og_type":"article","og_title":"Sette ragioni per cui non ci prendiamo cura di noi stessi - Joyce Meyer Ministries - Italiano","og_description":"Joyce Meyer Ministries - Italiano - Articoli tratti da insegnamenti","og_url":"https:\/\/tv.joycemeyer.org\/italiano\/2022\/06\/03\/sette-ragioni-per-cui-non-ci\/","og_site_name":"Joyce Meyer Ministries - Italiano","article_publisher":"https:\/\/www.facebook.com\/joycemeyerministriesitaliano\/","article_published_time":"2022-06-02T22:01:39+00:00","article_modified_time":"2022-06-03T14:36:26+00:00","og_image":[{"width":1800,"height":1050,"url":"https:\/\/tv.joycemeyer.org\/italiano\/wp-content\/uploads\/sites\/6\/2021\/08\/Sette-ragioni-per-cui-non-ci-prendiamo-cura-di-noi-stessi-1.jpg","type":"image\/jpeg"}],"author":"kwomack","twitter_card":"summary_large_image","twitter_misc":{"Scritto da":"kwomack","Tempo di lettura stimato":"4 minuti"},"schema":{"@context":"https:\/\/schema.org","@graph":[{"@type":"Article","@id":"https:\/\/tv.joycemeyer.org\/italiano\/2022\/06\/03\/sette-ragioni-per-cui-non-ci\/#article","isPartOf":{"@id":"https:\/\/tv.joycemeyer.org\/italiano\/2022\/06\/03\/sette-ragioni-per-cui-non-ci\/"},"author":{"name":"kwomack","@id":"https:\/\/tv.joycemeyer.org\/italiano\/#\/schema\/person\/d5942c2e9bb9f024a1d1eb6ad471a65b"},"headline":"Sette ragioni per cui non ci prendiamo cura di noi stessi","datePublished":"2022-06-02T22:01:39+00:00","dateModified":"2022-06-03T14:36:26+00:00","mainEntityOfPage":{"@id":"https:\/\/tv.joycemeyer.org\/italiano\/2022\/06\/03\/sette-ragioni-per-cui-non-ci\/"},"wordCount":814,"image":{"@id":"https:\/\/tv.joycemeyer.org\/italiano\/2022\/06\/03\/sette-ragioni-per-cui-non-ci\/#primaryimage"},"thumbnailUrl":"https:\/\/tv.joycemeyer.org\/italiano\/wp-content\/uploads\/sites\/6\/2021\/08\/Sette-ragioni-per-cui-non-ci-prendiamo-cura-di-noi-stessi-1.jpg","articleSection":["Uncategorized"],"inLanguage":"it-IT"},{"@type":"WebPage","@id":"https:\/\/tv.joycemeyer.org\/italiano\/2022\/06\/03\/sette-ragioni-per-cui-non-ci\/","url":"https:\/\/tv.joycemeyer.org\/italiano\/2022\/06\/03\/sette-ragioni-per-cui-non-ci\/","name":"Sette ragioni per cui non ci prendiamo cura di noi stessi - Joyce Meyer Ministries - Italiano","isPartOf":{"@id":"https:\/\/tv.joycemeyer.org\/italiano\/#website"},"primaryImageOfPage":{"@id":"https:\/\/tv.joycemeyer.org\/italiano\/2022\/06\/03\/sette-ragioni-per-cui-non-ci\/#primaryimage"},"image":{"@id":"https:\/\/tv.joycemeyer.org\/italiano\/2022\/06\/03\/sette-ragioni-per-cui-non-ci\/#primaryimage"},"thumbnailUrl":"https:\/\/tv.joycemeyer.org\/italiano\/wp-content\/uploads\/sites\/6\/2021\/08\/Sette-ragioni-per-cui-non-ci-prendiamo-cura-di-noi-stessi-1.jpg","datePublished":"2022-06-02T22:01:39+00:00","dateModified":"2022-06-03T14:36:26+00:00","author":{"@id":"https:\/\/tv.joycemeyer.org\/italiano\/#\/schema\/person\/d5942c2e9bb9f024a1d1eb6ad471a65b"},"description":"Joyce Meyer Ministries - Italiano - Articoli tratti da insegnamenti","breadcrumb":{"@id":"https:\/\/tv.joycemeyer.org\/italiano\/2022\/06\/03\/sette-ragioni-per-cui-non-ci\/#breadcrumb"},"inLanguage":"it-IT","potentialAction":[{"@type":"ReadAction","target":["https:\/\/tv.joycemeyer.org\/italiano\/2022\/06\/03\/sette-ragioni-per-cui-non-ci\/"]}]},{"@type":"ImageObject","inLanguage":"it-IT","@id":"https:\/\/tv.joycemeyer.org\/italiano\/2022\/06\/03\/sette-ragioni-per-cui-non-ci\/#primaryimage","url":"https:\/\/tv.joycemeyer.org\/italiano\/wp-content\/uploads\/sites\/6\/2021\/08\/Sette-ragioni-per-cui-non-ci-prendiamo-cura-di-noi-stessi-1.jpg","contentUrl":"https:\/\/tv.joycemeyer.org\/italiano\/wp-content\/uploads\/sites\/6\/2021\/08\/Sette-ragioni-per-cui-non-ci-prendiamo-cura-di-noi-stessi-1.jpg","width":1800,"height":1050,"caption":"Sette ragioni per cui non ci prendiamo cura di noi stessi"},{"@type":"BreadcrumbList","@id":"https:\/\/tv.joycemeyer.org\/italiano\/2022\/06\/03\/sette-ragioni-per-cui-non-ci\/#breadcrumb","itemListElement":[{"@type":"ListItem","position":1,"name":"Home","item":"https:\/\/tv.joycemeyer.org\/italiano\/"},{"@type":"ListItem","position":2,"name":"Sette ragioni per cui non ci prendiamo cura di noi stessi"}]},{"@type":"WebSite","@id":"https:\/\/tv.joycemeyer.org\/italiano\/#website","url":"https:\/\/tv.joycemeyer.org\/italiano\/","name":"Joyce Meyer Ministries - Italiano","description":"Condividiamo Cristo - Amiamo le persone","potentialAction":[{"@type":"SearchAction","target":{"@type":"EntryPoint","urlTemplate":"https:\/\/tv.joycemeyer.org\/italiano\/?s={search_term_string}"},"query-input":{"@type":"PropertyValueSpecification","valueRequired":true,"valueName":"search_term_string"}}],"inLanguage":"it-IT"},{"@type":"Person","@id":"https:\/\/tv.joycemeyer.org\/italiano\/#\/schema\/person\/d5942c2e9bb9f024a1d1eb6ad471a65b","name":"kwomack","image":{"@type":"ImageObject","inLanguage":"it-IT","@id":"https:\/\/secure.gravatar.com\/avatar\/49f69e9f8bcaf026000fdd68b8021503054964feff697ac29da0effde29d2a00?s=96&d=mm&r=g","url":"https:\/\/secure.gravatar.com\/avatar\/49f69e9f8bcaf026000fdd68b8021503054964feff697ac29da0effde29d2a00?s=96&d=mm&r=g","contentUrl":"https:\/\/secure.gravatar.com\/avatar\/49f69e9f8bcaf026000fdd68b8021503054964feff697ac29da0effde29d2a00?s=96&d=mm&r=g","caption":"kwomack"},"url":"https:\/\/tv.joycemeyer.org\/italiano\/author\/kwomack\/"}]}},"_links":{"self":[{"href":"https:\/\/tv.joycemeyer.org\/italiano\/wp-json\/wp\/v2\/posts\/277","targetHints":{"allow":["GET"]}}],"collection":[{"href":"https:\/\/tv.joycemeyer.org\/italiano\/wp-json\/wp\/v2\/posts"}],"about":[{"href":"https:\/\/tv.joycemeyer.org\/italiano\/wp-json\/wp\/v2\/types\/post"}],"author":[{"embeddable":true,"href":"https:\/\/tv.joycemeyer.org\/italiano\/wp-json\/wp\/v2\/users\/15"}],"replies":[{"embeddable":true,"href":"https:\/\/tv.joycemeyer.org\/italiano\/wp-json\/wp\/v2\/comments?post=277"}],"version-history":[{"count":0,"href":"https:\/\/tv.joycemeyer.org\/italiano\/wp-json\/wp\/v2\/posts\/277\/revisions"}],"wp:featuredmedia":[{"embeddable":true,"href":"https:\/\/tv.joycemeyer.org\/italiano\/wp-json\/wp\/v2\/media\/4642"}],"wp:attachment":[{"href":"https:\/\/tv.joycemeyer.org\/italiano\/wp-json\/wp\/v2\/media?parent=277"}],"wp:term":[{"taxonomy":"category","embeddable":true,"href":"https:\/\/tv.joycemeyer.org\/italiano\/wp-json\/wp\/v2\/categories?post=277"},{"taxonomy":"post_tag","embeddable":true,"href":"https:\/\/tv.joycemeyer.org\/italiano\/wp-json\/wp\/v2\/tags?post=277"}],"curies":[{"name":"wp","href":"https:\/\/api.w.org\/{rel}","templated":true}]}}