{"id":5819,"date":"2025-11-02T00:01:08","date_gmt":"2025-11-02T00:01:08","guid":{"rendered":"https:\/\/tv.joycemeyer.org\/magyar\/?p=5819"},"modified":"2025-08-16T03:23:31","modified_gmt":"2025-08-16T03:23:31","slug":"isten-igeje-valoban-mukodik-3","status":"publish","type":"post","link":"https:\/\/tv.joycemeyer.org\/magyar\/2025\/11\/02\/isten-igeje-valoban-mukodik-3\/","title":{"rendered":"Isten Ig\u00e9je Val\u00f3ban M\u0171k\u00f6dik"},"content":{"rendered":"<blockquote><p>Az emberek rendszeresen felteszik nekem a k\u00f6vetkez\u0151 k\u00e9rd\u00e9seket: &#8220;Joyce, mi a nagyszer\u0171 \u00e9let titka?&#8221; vagy &#8220;Mit tegyek, hogy sikeres legyek a munk\u00e1mban vagy a szolg\u00e1latban?&#8221;.<\/p><\/blockquote>\n<p>Azt hiszem, az emberek sokszor azt v\u00e1rj\u00e1k t\u0151lem, hogy adjak valami m\u00e9ly, r\u00e9szletes v\u00e1laszt, amit m\u00e9g soha nem hallottak. Pedig val\u00f3j\u00e1ban nagyon egyszer\u0171. Ha nagyszer\u0171 \u00e9letet akarunk \u00e9lni &#8211; a szabads\u00e1g \u00e9let\u00e9t, amit igaz\u00e1n \u00e9lvez\u00fcnk -, akkor minden Isten Ig\u00e9j\u00e9nek olvas\u00e1s\u00e1val \u00e9s tanulm\u00e1nyoz\u00e1s\u00e1val kezd\u0151dik.<\/p>\n<p>J\u00e9zus azt mondja a J\u00e1nos 8:31-32-ben: &#8230;Ha megmaradtok az \u00e9n ig\u00e9mben [ragaszkodtok a tan\u00edt\u00e1saimhoz, \u00e9s azok szerint \u00e9ltek], akkor val\u00f3ban az \u00e9n tan\u00edtv\u00e1nyaim vagytok. \u00c9s megismeritek az igazs\u00e1got, \u00e9s az igazs\u00e1g szabadd\u00e1 tesz titeket.<\/p>\n<p>Ez az egyik kedvenc igeszakaszom. Az Istennel val\u00f3 j\u00e1r\u00e1som els\u0151 \u00e9veiben &#8211; amikor az \u00e9letem egy z\u0171rzavar volt, \u00e9s t\u00e9nyleg nem tudtam elk\u00e9pzelni, hogy valaha is igaz\u00e1n szabad leszek &#8211; er\u0151sen ragaszkodtam ehhez az \u00edg\u00e9rethez.<\/p>\n<p>\u00dagy gondolom, hogy ennek az ig\u00e9nek fontos r\u00e9sze a &#8220;maradni&#8221; sz\u00f3, ami azt jelenti, hogy &#8220;tov\u00e1bb folytatni&#8221;. Napjainkban \u00e9s korunkban j\u00f3k vagyunk abban, hogy n\u00e9h\u00e1ny napig vagy h\u00e9tig &#8220;kipr\u00f3b\u00e1lunk&#8221; dolgokat, hogy l\u00e1ssuk, van-e v\u00e1ltoz\u00e1s. Isten Ig\u00e9je azonban nem olyasmi, amit kipr\u00f3b\u00e1lunk &#8211; ez egy elk\u00f6telezetts\u00e9g, amit v\u00e1llalunk, tudva, hogy \u00e9letet megv\u00e1ltoztat\u00f3 eredm\u00e9nyeket fog hozni, ha kitartunk mellette.<\/p>\n<p>Soha nem fogom elfelejteni azt a n\u0151t, akivel n\u00e9h\u00e1ny \u00e9vvel ezel\u0151tt az egyik konferenci\u00e1mon tal\u00e1lkoztam. Odaj\u00f6tt hozz\u00e1m, \u00e9s azt mondta: &#8220;Joyce, hallgattam az \u00fczeneteidet, \u00e9s \u00fagy d\u00f6nt\u00f6ttem, hogy kipr\u00f3b\u00e1lom. De k\u00e9t h\u00e9t ut\u00e1n sem vettem \u00e9szre semmilyen v\u00e1ltoz\u00e1st.\u201d<\/p>\n<p>Elmondtam ennek a dr\u00e1ga h\u00f6lgynek, amit ma nektek is elmondok: Nem t\u00f6rt\u00e9nik v\u00e1ltoz\u00e1s egyik pillanatr\u00f3l a m\u00e1sikra, de ha tov\u00e1bbra is Isten Ig\u00e9j\u00e9ben maradsz, \u00e9s nem vagy hajland\u00f3 feladni az Istennel val\u00f3 kapcsolatodat, akkor az \u00e9leted meg fog v\u00e1ltozni.<\/p>\n<p>J\u00e9zus azt mondja a M\u00e1rk 4:24-ben: &#8230;Az a m\u00e9rt\u00e9k [a gondolkod\u00e1s \u00e9s a tanul\u00e1s], amit [a hallott igazs\u00e1gra] sz\u00e1ntok, az lesz a m\u00e9rt\u00e9k [az er\u00e9ny \u00e9s a tud\u00e1s], ami visszaj\u00f6n hozz\u00e1tok&#8230;<\/p>\n<blockquote><p>Nagyon szeretem ezt, mert annyira praktikus. Itt J\u00e9zus azt mondja: &#8220;Annyit fogsz kivenni bel\u0151le, amennyit beleteszel!\u201d<\/p><\/blockquote>\n<p>Amikor olvasod vagy hallgatod az Ig\u00e9t, arra b\u00e1tor\u00edtalak, hogy olyan hozz\u00e1\u00e1ll\u00e1ssal k\u00f6zel\u00edts hozz\u00e1, amely azt mondja: &#8220;Azt fogom tenni, amit Isten mond&#8221;. Mert amikor k\u00e9szs\u00e9ges sz\u00edvvel k\u00f6zel\u00edtesz az \u0150 Ig\u00e9j\u00e9hez, kinyilatkoztat\u00e1st \u00e9s meg\u00e9rt\u00e9st fogsz kapni. Isten Ig\u00e9je olyan igazs\u00e1got fog mutat neked, amely seg\u00edt lek\u00fczdeni az ellens\u00e9g hazugs\u00e1gait.<\/p>\n<p>Ma a J\u00e1nos 8:32 \u00e9l\u0151 bizonys\u00e1gt\u00e9tele vagyok. Isten nagyon sok ter\u00fcleten szabadd\u00e1 tett engem, \u00e9s tov\u00e1bbra is szabadd\u00e1 tesz, ahogy az \u0150 Ig\u00e9j\u00e9ben maradok \u00e9s a Vele val\u00f3 kapcsolatra t\u00f6rekszem.<\/p>\n<p><strong>Mit tesz \u00e9rted Isten ig\u00e9je?<\/strong><\/p>\n<p>A J\u00e1nos 1:1 azt mondja: Kezdetben volt az Ige, \u00e9s az Ige Istenn\u00e9l volt, \u00e9s Isten volt az Ige.<\/p>\n<p>J\u00e9zus az Isten Ig\u00e9je! \u00c9s amikor az Ig\u00e9t tanulm\u00e1nyozzuk, meger\u0151s\u00edtj\u00fck a Vele val\u00f3 kapcsolatunkat, mert id\u0151t t\u00f6lt\u00fcnk Vele.<\/p>\n<p>Isten Ig\u00e9j\u00e9nek tanulm\u00e1nyoz\u00e1sa rendk\u00edv\u00fcl \u00e9rt\u00e9kes, mert felfedezz\u00fck, hogy ki is Isten val\u00f3j\u00e1ban &#8211; milyen az \u0150 jelleme \u00e9s tulajdons\u00e1gai. Felfedezz\u00fck az \u0150 \u00edg\u00e9reteit \u00e9s azokat a j\u00f3 dolgokat is, amelyeket az \u00e9let\u00fcnkre tervezett.<\/p>\n<p>\u00cdme csak n\u00e9h\u00e1ny dolog azok k\u00f6z\u00fcl, amit Isten Ig\u00e9je tesz \u00e9rt\u00fcnk&#8230;<\/p>\n<ul>\n<li>Isten Ig\u00e9j\u00e9nek hatalma van arra, hogy meg\u00faj\u00edtsa elm\u00e9nket, \u00e9s megv\u00e1ltoztassa gondolkod\u00e1sunkat \u00e9s cselekedeteinket. (R\u00f3ma 12:2; 1 Korinthus 2:16).<\/li>\n<li>B\u00f6lcsess\u00e9gre tan\u00edt benn\u00fcnket, hogy tudjuk, hogyan kezelj\u00fcnk minden \u00e9lethelyzetet (P\u00e9ldabesz\u00e9dek 3:5-7)<\/li>\n<li>Ez egy vigasztal\u00f3 k\u00f6nyv, amely gy\u00f3gyul\u00e1st hoz az \u00e9let\u00fcnkbe. (103. zsolt\u00e1r; 2Korinthus 1:3)<\/li>\n<\/ul>\n<p>Nemr\u00e9g le\u00fcltem, hogy \u00f6ssze\u00e1ll\u00edtsak egy list\u00e1t azokr\u00f3l a dolgokr\u00f3l, amiket Isten Ig\u00e9je tesz \u00e9rt\u00fcnk, \u00e9s gyorsan eljutottam 40-ig! B\u00e1r biztosan van m\u00e9g t\u00f6bb is, azt hiszem, ez a lista el\u00e9g j\u00f3 k\u00e9pet ad arr\u00f3l, hogy milyen csod\u00e1latos az \u0150 Ig\u00e9je val\u00f3j\u00e1ban.<\/p>\n<p>Er\u0151t keresel? Pr\u00f3b\u00e1ld ki ezt \u2026<\/p>\n<p>A Zsolt\u00e1rok 119:28-ban D\u00e1vid kir\u00e1ly ezt mondja: &#8220;Nem tudok aludni a b\u00e1nat miatt, er\u0151s\u00edts meg engem ig\u00e9ddel.<\/p>\n<p>Ahogyan mi is elmegy\u00fcnk egy benzink\u00fatra, amikor kifogy az aut\u00f3nkb\u00f3l a benzin, \u00e9n is gyakran \u00fagy tekintek az Isten Ig\u00e9j\u00e9vel t\u00f6lt\u00f6tt id\u0151mre, mintha meg\u00e1lln\u00e9k egy &#8220;Szent Szellem t\u00f6lt\u0151\u00e1llom\u00e1son&#8221;. Amikor az \u00e9let megvisel \u00e9s elsz\u00edvja az er\u0151met, akkor az \u0150 Ig\u00e9j\u00e9hez mehetek, hogy \u00fajra &#8220;felt\u00f6lt\u0151djek\u201d.<\/p>\n<p>Isten Ig\u00e9je meg\u00faj\u00edtja elm\u00e9nket, \u00e9s b\u00e9kess\u00e9get hoz nek\u00fcnk (l\u00e1sd R\u00f3ma 12:2). Amikor az \u0150 \u00edg\u00e9retein \u00e9s a vel\u00fcnk kapcsolatos j\u00f3 tervein elm\u00e9lked\u00fcnk, az sz\u00f3 szerint meg\u00faj\u00edtja a lelk\u00fcnket, rem\u00e9nnyel \u00e9s v\u00e1rakoz\u00e1ssal t\u00f6lt fel benn\u00fcnket.<\/p>\n<p>Isten Ig\u00e9je meger\u0151s\u00edt minket abban is, hogy folytassuk, ne adjuk fel, \u00e9s ne engedj\u00fcnk a k\u00eds\u00e9rt\u00e9snek. Az igazs\u00e1g az, hogy Isten erej\u00e9re m\u00e1r csak az\u00e9rt is sz\u00fcks\u00e9g\u00fcnk van, hogy azt tegy\u00fck, ami helyes. Vannak napok, amikor \u00fagy \u00e9bredek, hogy nem vagyok t\u00fals\u00e1gosan kedves hangulatban. Miut\u00e1n azonban id\u0151t t\u00f6lt\u00f6ttem az Ig\u00e9ben, az \u00dar er\u0151t \u00e9s v\u00e1gyat ad nekem, hogy szeretetben j\u00e1rjak, \u00e9s helyesen b\u00e1njak az emberekkel.<\/p>\n<p>Az \u00c9zsai\u00e1s 40:31 az egyik legfontosabb ige az \u00e9letemben. Azt mondja: De akik az \u00darban b\u00edznak, erej\u00fck meg\u00fajul&#8230;<\/p>\n<p>Min\u00e9l zs\u00fafoltabb lesz a napirendem, \u00e9s min\u00e9l t\u00f6bb a tennival\u00f3m, ann\u00e1l t\u00f6bb id\u0151t kell Istennel t\u00f6ltenem &#8211; az Ig\u00e9t olvasva, im\u00e1ds\u00e1gban besz\u00e9lgetve Vele, vagy csak csendben \u00fclve az \u0150 jelenl\u00e9t\u00e9ben.<\/p>\n<blockquote><p>Soha nem arra sz\u00e1ntak, hogy egyed\u00fcl k\u00fczdj. Amikor f\u00e1radt, megviselt vagy kimer\u00fclt vagy, sz\u00e1nj egy kis id\u0151t arra, hogy felfriss\u00fclj \u00e9s felt\u00f6lt\u0151dj Isten Ig\u00e9j\u00e9vel. Mik\u00f6zben ezt teszed, \u0150 ott tal\u00e1lkozik veled, ahol vagy&#8230; \u00e9s er\u0151t ad neked, hogy megbirk\u00f3zz b\u00e1rmivel, ami az utadba ker\u00fcl.<\/p><\/blockquote>\n","protected":false},"excerpt":{"rendered":"<p>Az emberek rendszeresen felteszik nekem a k\u00f6vetkez\u0151 k\u00e9rd\u00e9seket: &#8220;Joyce, mi a nagyszer\u0171 \u00e9let titka?&#8221; vagy &#8220;Mit tegyek, hogy sikeres legyek a munk\u00e1mban vagy a szolg\u00e1latban?&#8221;. Azt hiszem, az emberek sokszor azt v\u00e1rj\u00e1k t\u0151lem, hogy adjak valami m\u00e9ly, r\u00e9szletes v\u00e1laszt, amit m\u00e9g soha nem hallottak. Pedig val\u00f3j\u00e1ban nagyon egyszer\u0171. Ha nagyszer\u0171 \u00e9letet akarunk \u00e9lni &#8211; a&#8230;<\/p>\n","protected":false},"author":20,"featured_media":5820,"comment_status":"closed","ping_status":"open","sticky":false,"template":"","format":"standard","meta":{"_acf_changed":false,"footnotes":""},"categories":[1],"tags":[],"class_list":["post-5819","post","type-post","status-publish","format-standard","has-post-thumbnail","hentry","category-uncategorized"],"acf":[],"appp":{"post_detail":{"above_title":"<div class=\"post-featured-wrap\"><img width=\"1024\" height=\"597\" src=\"https:\/\/tv.joycemeyer.org\/magyar\/wp-content\/uploads\/sites\/72\/2025\/11\/1993-1024x597.jpg\" class=\"post-featured wp-post-image\" alt=\"\" decoding=\"async\" srcset=\"https:\/\/tv.joycemeyer.org\/magyar\/wp-content\/uploads\/sites\/72\/2025\/11\/1993-1024x597.jpg 1024w, https:\/\/tv.joycemeyer.org\/magyar\/wp-content\/uploads\/sites\/72\/2025\/11\/1993-300x175.jpg 300w, https:\/\/tv.joycemeyer.org\/magyar\/wp-content\/uploads\/sites\/72\/2025\/11\/1993-768x448.jpg 768w, https:\/\/tv.joycemeyer.org\/magyar\/wp-content\/uploads\/sites\/72\/2025\/11\/1993-1536x896.jpg 1536w, https:\/\/tv.joycemeyer.org\/magyar\/wp-content\/uploads\/sites\/72\/2025\/11\/1993.jpg 1755w\" sizes=\"(max-width: 1024px) 100vw, 1024px\" \/><\/div>","below_content":""}},"yoast_head":"<!-- This site is optimized with the Yoast SEO plugin v27.4 - https:\/\/yoast.com\/product\/yoast-seo-wordpress\/ -->\n<title>Isten Ig\u00e9je Val\u00f3ban M\u0171k\u00f6dik - Joyce Meyer Ministries - Magyar<\/title>\n<meta name=\"robots\" content=\"index, follow, max-snippet:-1, max-image-preview:large, max-video-preview:-1\" \/>\n<link rel=\"canonical\" href=\"https:\/\/tv.joycemeyer.org\/magyar\/2025\/11\/02\/isten-igeje-valoban-mukodik-3\/\" \/>\n<meta property=\"og:locale\" content=\"en_US\" \/>\n<meta property=\"og:type\" content=\"article\" \/>\n<meta property=\"og:title\" content=\"Isten Ig\u00e9je Val\u00f3ban M\u0171k\u00f6dik - Joyce Meyer Ministries - Magyar\" \/>\n<meta property=\"og:description\" content=\"Az emberek rendszeresen felteszik nekem a k\u00f6vetkez\u0151 k\u00e9rd\u00e9seket: &#8220;Joyce, mi a nagyszer\u0171 \u00e9let titka?&#8221; vagy &#8220;Mit tegyek, hogy sikeres legyek a munk\u00e1mban vagy a szolg\u00e1latban?&#8221;. Azt hiszem, az emberek sokszor azt v\u00e1rj\u00e1k t\u0151lem, hogy adjak valami m\u00e9ly, r\u00e9szletes v\u00e1laszt, amit m\u00e9g soha nem hallottak. Pedig val\u00f3j\u00e1ban nagyon egyszer\u0171. Ha nagyszer\u0171 \u00e9letet akarunk \u00e9lni &#8211; a...\" \/>\n<meta property=\"og:url\" content=\"https:\/\/tv.joycemeyer.org\/magyar\/2025\/11\/02\/isten-igeje-valoban-mukodik-3\/\" \/>\n<meta property=\"og:site_name\" content=\"Joyce Meyer Ministries - Magyar\" \/>\n<meta property=\"article:publisher\" content=\"https:\/\/www.facebook.com\/JoyceMeyerMinistriesHungarian\/\" \/>\n<meta property=\"article:published_time\" content=\"2025-11-02T00:01:08+00:00\" \/>\n<meta property=\"og:image\" content=\"https:\/\/tv.joycemeyer.org\/magyar\/wp-content\/uploads\/sites\/72\/2025\/11\/1993.jpg\" \/>\n\t<meta property=\"og:image:width\" content=\"1755\" \/>\n\t<meta property=\"og:image:height\" content=\"1024\" \/>\n\t<meta property=\"og:image:type\" content=\"image\/jpeg\" \/>\n<meta name=\"author\" content=\"erowland\" \/>\n<meta name=\"twitter:card\" content=\"summary_large_image\" \/>\n<meta name=\"twitter:label1\" content=\"Written by\" \/>\n\t<meta name=\"twitter:data1\" content=\"erowland\" \/>\n\t<meta name=\"twitter:label2\" content=\"Est. reading time\" \/>\n\t<meta name=\"twitter:data2\" content=\"4 minutes\" \/>\n<script type=\"application\/ld+json\" class=\"yoast-schema-graph\">{\"@context\":\"https:\\\/\\\/schema.org\",\"@graph\":[{\"@type\":\"Article\",\"@id\":\"https:\\\/\\\/tv.joycemeyer.org\\\/magyar\\\/2025\\\/11\\\/02\\\/isten-igeje-valoban-mukodik-3\\\/#article\",\"isPartOf\":{\"@id\":\"https:\\\/\\\/tv.joycemeyer.org\\\/magyar\\\/2025\\\/11\\\/02\\\/isten-igeje-valoban-mukodik-3\\\/\"},\"author\":{\"name\":\"erowland\",\"@id\":\"https:\\\/\\\/tv.joycemeyer.org\\\/magyar\\\/#\\\/schema\\\/person\\\/c80e2e27c48ed71c9a63fa16a6c3cb01\"},\"headline\":\"Isten Ig\u00e9je Val\u00f3ban M\u0171k\u00f6dik\",\"datePublished\":\"2025-11-02T00:01:08+00:00\",\"mainEntityOfPage\":{\"@id\":\"https:\\\/\\\/tv.joycemeyer.org\\\/magyar\\\/2025\\\/11\\\/02\\\/isten-igeje-valoban-mukodik-3\\\/\"},\"wordCount\":1140,\"image\":{\"@id\":\"https:\\\/\\\/tv.joycemeyer.org\\\/magyar\\\/2025\\\/11\\\/02\\\/isten-igeje-valoban-mukodik-3\\\/#primaryimage\"},\"thumbnailUrl\":\"https:\\\/\\\/tv.joycemeyer.org\\\/magyar\\\/wp-content\\\/uploads\\\/sites\\\/72\\\/2025\\\/11\\\/1993.jpg\",\"inLanguage\":\"en-US\"},{\"@type\":\"WebPage\",\"@id\":\"https:\\\/\\\/tv.joycemeyer.org\\\/magyar\\\/2025\\\/11\\\/02\\\/isten-igeje-valoban-mukodik-3\\\/\",\"url\":\"https:\\\/\\\/tv.joycemeyer.org\\\/magyar\\\/2025\\\/11\\\/02\\\/isten-igeje-valoban-mukodik-3\\\/\",\"name\":\"Isten Ig\u00e9je Val\u00f3ban M\u0171k\u00f6dik - Joyce Meyer Ministries - Magyar\",\"isPartOf\":{\"@id\":\"https:\\\/\\\/tv.joycemeyer.org\\\/magyar\\\/#website\"},\"primaryImageOfPage\":{\"@id\":\"https:\\\/\\\/tv.joycemeyer.org\\\/magyar\\\/2025\\\/11\\\/02\\\/isten-igeje-valoban-mukodik-3\\\/#primaryimage\"},\"image\":{\"@id\":\"https:\\\/\\\/tv.joycemeyer.org\\\/magyar\\\/2025\\\/11\\\/02\\\/isten-igeje-valoban-mukodik-3\\\/#primaryimage\"},\"thumbnailUrl\":\"https:\\\/\\\/tv.joycemeyer.org\\\/magyar\\\/wp-content\\\/uploads\\\/sites\\\/72\\\/2025\\\/11\\\/1993.jpg\",\"datePublished\":\"2025-11-02T00:01:08+00:00\",\"author\":{\"@id\":\"https:\\\/\\\/tv.joycemeyer.org\\\/magyar\\\/#\\\/schema\\\/person\\\/c80e2e27c48ed71c9a63fa16a6c3cb01\"},\"breadcrumb\":{\"@id\":\"https:\\\/\\\/tv.joycemeyer.org\\\/magyar\\\/2025\\\/11\\\/02\\\/isten-igeje-valoban-mukodik-3\\\/#breadcrumb\"},\"inLanguage\":\"en-US\",\"potentialAction\":[{\"@type\":\"ReadAction\",\"target\":[\"https:\\\/\\\/tv.joycemeyer.org\\\/magyar\\\/2025\\\/11\\\/02\\\/isten-igeje-valoban-mukodik-3\\\/\"]}]},{\"@type\":\"ImageObject\",\"inLanguage\":\"en-US\",\"@id\":\"https:\\\/\\\/tv.joycemeyer.org\\\/magyar\\\/2025\\\/11\\\/02\\\/isten-igeje-valoban-mukodik-3\\\/#primaryimage\",\"url\":\"https:\\\/\\\/tv.joycemeyer.org\\\/magyar\\\/wp-content\\\/uploads\\\/sites\\\/72\\\/2025\\\/11\\\/1993.jpg\",\"contentUrl\":\"https:\\\/\\\/tv.joycemeyer.org\\\/magyar\\\/wp-content\\\/uploads\\\/sites\\\/72\\\/2025\\\/11\\\/1993.jpg\",\"width\":\"1755\",\"height\":\"1024\"},{\"@type\":\"BreadcrumbList\",\"@id\":\"https:\\\/\\\/tv.joycemeyer.org\\\/magyar\\\/2025\\\/11\\\/02\\\/isten-igeje-valoban-mukodik-3\\\/#breadcrumb\",\"itemListElement\":[{\"@type\":\"ListItem\",\"position\":1,\"name\":\"Home\",\"item\":\"https:\\\/\\\/tv.joycemeyer.org\\\/magyar\\\/\"},{\"@type\":\"ListItem\",\"position\":2,\"name\":\"Isten Ig\u00e9je Val\u00f3ban M\u0171k\u00f6dik\"}]},{\"@type\":\"WebSite\",\"@id\":\"https:\\\/\\\/tv.joycemeyer.org\\\/magyar\\\/#website\",\"url\":\"https:\\\/\\\/tv.joycemeyer.org\\\/magyar\\\/\",\"name\":\"Joyce Meyer Ministries - Magyar\",\"description\":\"Hirdetj\u00fck Krisztust - Szeretj\u00fck az embereket\",\"potentialAction\":[{\"@type\":\"SearchAction\",\"target\":{\"@type\":\"EntryPoint\",\"urlTemplate\":\"https:\\\/\\\/tv.joycemeyer.org\\\/magyar\\\/?s={search_term_string}\"},\"query-input\":{\"@type\":\"PropertyValueSpecification\",\"valueRequired\":true,\"valueName\":\"search_term_string\"}}],\"inLanguage\":\"en-US\"},{\"@type\":\"Person\",\"@id\":\"https:\\\/\\\/tv.joycemeyer.org\\\/magyar\\\/#\\\/schema\\\/person\\\/c80e2e27c48ed71c9a63fa16a6c3cb01\",\"name\":\"erowland\",\"image\":{\"@type\":\"ImageObject\",\"inLanguage\":\"en-US\",\"@id\":\"https:\\\/\\\/secure.gravatar.com\\\/avatar\\\/a6ef1ee8c388390bd07c23fffe3dc85c198e2298bd2354989f1b7910a65d5c29?s=96&d=mm&r=g\",\"url\":\"https:\\\/\\\/secure.gravatar.com\\\/avatar\\\/a6ef1ee8c388390bd07c23fffe3dc85c198e2298bd2354989f1b7910a65d5c29?s=96&d=mm&r=g\",\"contentUrl\":\"https:\\\/\\\/secure.gravatar.com\\\/avatar\\\/a6ef1ee8c388390bd07c23fffe3dc85c198e2298bd2354989f1b7910a65d5c29?s=96&d=mm&r=g\",\"caption\":\"erowland\"},\"url\":\"https:\\\/\\\/tv.joycemeyer.org\\\/magyar\\\/author\\\/erowland\\\/\"}]}<\/script>\n<!-- \/ Yoast SEO plugin. -->","yoast_head_json":{"title":"Isten Ig\u00e9je Val\u00f3ban M\u0171k\u00f6dik - Joyce Meyer Ministries - Magyar","robots":{"index":"index","follow":"follow","max-snippet":"max-snippet:-1","max-image-preview":"max-image-preview:large","max-video-preview":"max-video-preview:-1"},"canonical":"https:\/\/tv.joycemeyer.org\/magyar\/2025\/11\/02\/isten-igeje-valoban-mukodik-3\/","og_locale":"en_US","og_type":"article","og_title":"Isten Ig\u00e9je Val\u00f3ban M\u0171k\u00f6dik - Joyce Meyer Ministries - Magyar","og_description":"Az emberek rendszeresen felteszik nekem a k\u00f6vetkez\u0151 k\u00e9rd\u00e9seket: &#8220;Joyce, mi a nagyszer\u0171 \u00e9let titka?&#8221; vagy &#8220;Mit tegyek, hogy sikeres legyek a munk\u00e1mban vagy a szolg\u00e1latban?&#8221;. Azt hiszem, az emberek sokszor azt v\u00e1rj\u00e1k t\u0151lem, hogy adjak valami m\u00e9ly, r\u00e9szletes v\u00e1laszt, amit m\u00e9g soha nem hallottak. Pedig val\u00f3j\u00e1ban nagyon egyszer\u0171. Ha nagyszer\u0171 \u00e9letet akarunk \u00e9lni &#8211; a...","og_url":"https:\/\/tv.joycemeyer.org\/magyar\/2025\/11\/02\/isten-igeje-valoban-mukodik-3\/","og_site_name":"Joyce Meyer Ministries - Magyar","article_publisher":"https:\/\/www.facebook.com\/JoyceMeyerMinistriesHungarian\/","article_published_time":"2025-11-02T00:01:08+00:00","og_image":[{"width":1755,"height":1024,"url":"https:\/\/tv.joycemeyer.org\/magyar\/wp-content\/uploads\/sites\/72\/2025\/11\/1993.jpg","type":"image\/jpeg"}],"author":"erowland","twitter_card":"summary_large_image","twitter_misc":{"Written by":"erowland","Est. reading time":"4 minutes"},"schema":{"@context":"https:\/\/schema.org","@graph":[{"@type":"Article","@id":"https:\/\/tv.joycemeyer.org\/magyar\/2025\/11\/02\/isten-igeje-valoban-mukodik-3\/#article","isPartOf":{"@id":"https:\/\/tv.joycemeyer.org\/magyar\/2025\/11\/02\/isten-igeje-valoban-mukodik-3\/"},"author":{"name":"erowland","@id":"https:\/\/tv.joycemeyer.org\/magyar\/#\/schema\/person\/c80e2e27c48ed71c9a63fa16a6c3cb01"},"headline":"Isten Ig\u00e9je Val\u00f3ban M\u0171k\u00f6dik","datePublished":"2025-11-02T00:01:08+00:00","mainEntityOfPage":{"@id":"https:\/\/tv.joycemeyer.org\/magyar\/2025\/11\/02\/isten-igeje-valoban-mukodik-3\/"},"wordCount":1140,"image":{"@id":"https:\/\/tv.joycemeyer.org\/magyar\/2025\/11\/02\/isten-igeje-valoban-mukodik-3\/#primaryimage"},"thumbnailUrl":"https:\/\/tv.joycemeyer.org\/magyar\/wp-content\/uploads\/sites\/72\/2025\/11\/1993.jpg","inLanguage":"en-US"},{"@type":"WebPage","@id":"https:\/\/tv.joycemeyer.org\/magyar\/2025\/11\/02\/isten-igeje-valoban-mukodik-3\/","url":"https:\/\/tv.joycemeyer.org\/magyar\/2025\/11\/02\/isten-igeje-valoban-mukodik-3\/","name":"Isten Ig\u00e9je Val\u00f3ban M\u0171k\u00f6dik - Joyce Meyer Ministries - Magyar","isPartOf":{"@id":"https:\/\/tv.joycemeyer.org\/magyar\/#website"},"primaryImageOfPage":{"@id":"https:\/\/tv.joycemeyer.org\/magyar\/2025\/11\/02\/isten-igeje-valoban-mukodik-3\/#primaryimage"},"image":{"@id":"https:\/\/tv.joycemeyer.org\/magyar\/2025\/11\/02\/isten-igeje-valoban-mukodik-3\/#primaryimage"},"thumbnailUrl":"https:\/\/tv.joycemeyer.org\/magyar\/wp-content\/uploads\/sites\/72\/2025\/11\/1993.jpg","datePublished":"2025-11-02T00:01:08+00:00","author":{"@id":"https:\/\/tv.joycemeyer.org\/magyar\/#\/schema\/person\/c80e2e27c48ed71c9a63fa16a6c3cb01"},"breadcrumb":{"@id":"https:\/\/tv.joycemeyer.org\/magyar\/2025\/11\/02\/isten-igeje-valoban-mukodik-3\/#breadcrumb"},"inLanguage":"en-US","potentialAction":[{"@type":"ReadAction","target":["https:\/\/tv.joycemeyer.org\/magyar\/2025\/11\/02\/isten-igeje-valoban-mukodik-3\/"]}]},{"@type":"ImageObject","inLanguage":"en-US","@id":"https:\/\/tv.joycemeyer.org\/magyar\/2025\/11\/02\/isten-igeje-valoban-mukodik-3\/#primaryimage","url":"https:\/\/tv.joycemeyer.org\/magyar\/wp-content\/uploads\/sites\/72\/2025\/11\/1993.jpg","contentUrl":"https:\/\/tv.joycemeyer.org\/magyar\/wp-content\/uploads\/sites\/72\/2025\/11\/1993.jpg","width":"1755","height":"1024"},{"@type":"BreadcrumbList","@id":"https:\/\/tv.joycemeyer.org\/magyar\/2025\/11\/02\/isten-igeje-valoban-mukodik-3\/#breadcrumb","itemListElement":[{"@type":"ListItem","position":1,"name":"Home","item":"https:\/\/tv.joycemeyer.org\/magyar\/"},{"@type":"ListItem","position":2,"name":"Isten Ig\u00e9je Val\u00f3ban M\u0171k\u00f6dik"}]},{"@type":"WebSite","@id":"https:\/\/tv.joycemeyer.org\/magyar\/#website","url":"https:\/\/tv.joycemeyer.org\/magyar\/","name":"Joyce Meyer Ministries - Magyar","description":"Hirdetj\u00fck Krisztust - Szeretj\u00fck az embereket","potentialAction":[{"@type":"SearchAction","target":{"@type":"EntryPoint","urlTemplate":"https:\/\/tv.joycemeyer.org\/magyar\/?s={search_term_string}"},"query-input":{"@type":"PropertyValueSpecification","valueRequired":true,"valueName":"search_term_string"}}],"inLanguage":"en-US"},{"@type":"Person","@id":"https:\/\/tv.joycemeyer.org\/magyar\/#\/schema\/person\/c80e2e27c48ed71c9a63fa16a6c3cb01","name":"erowland","image":{"@type":"ImageObject","inLanguage":"en-US","@id":"https:\/\/secure.gravatar.com\/avatar\/a6ef1ee8c388390bd07c23fffe3dc85c198e2298bd2354989f1b7910a65d5c29?s=96&d=mm&r=g","url":"https:\/\/secure.gravatar.com\/avatar\/a6ef1ee8c388390bd07c23fffe3dc85c198e2298bd2354989f1b7910a65d5c29?s=96&d=mm&r=g","contentUrl":"https:\/\/secure.gravatar.com\/avatar\/a6ef1ee8c388390bd07c23fffe3dc85c198e2298bd2354989f1b7910a65d5c29?s=96&d=mm&r=g","caption":"erowland"},"url":"https:\/\/tv.joycemeyer.org\/magyar\/author\/erowland\/"}]}},"_links":{"self":[{"href":"https:\/\/tv.joycemeyer.org\/magyar\/wp-json\/wp\/v2\/posts\/5819","targetHints":{"allow":["GET"]}}],"collection":[{"href":"https:\/\/tv.joycemeyer.org\/magyar\/wp-json\/wp\/v2\/posts"}],"about":[{"href":"https:\/\/tv.joycemeyer.org\/magyar\/wp-json\/wp\/v2\/types\/post"}],"author":[{"embeddable":true,"href":"https:\/\/tv.joycemeyer.org\/magyar\/wp-json\/wp\/v2\/users\/20"}],"replies":[{"embeddable":true,"href":"https:\/\/tv.joycemeyer.org\/magyar\/wp-json\/wp\/v2\/comments?post=5819"}],"version-history":[{"count":0,"href":"https:\/\/tv.joycemeyer.org\/magyar\/wp-json\/wp\/v2\/posts\/5819\/revisions"}],"wp:featuredmedia":[{"embeddable":true,"href":"https:\/\/tv.joycemeyer.org\/magyar\/wp-json\/wp\/v2\/media\/5820"}],"wp:attachment":[{"href":"https:\/\/tv.joycemeyer.org\/magyar\/wp-json\/wp\/v2\/media?parent=5819"}],"wp:term":[{"taxonomy":"category","embeddable":true,"href":"https:\/\/tv.joycemeyer.org\/magyar\/wp-json\/wp\/v2\/categories?post=5819"},{"taxonomy":"post_tag","embeddable":true,"href":"https:\/\/tv.joycemeyer.org\/magyar\/wp-json\/wp\/v2\/tags?post=5819"}],"curies":[{"name":"wp","href":"https:\/\/api.w.org\/{rel}","templated":true}]}}