{"id":283,"date":"2024-09-02T19:27:34","date_gmt":"2024-09-02T18:27:34","guid":{"rendered":"https:\/\/tv.joycemeyer.org\/polskidemo\/?p=283"},"modified":"2024-10-24T17:34:59","modified_gmt":"2024-10-24T16:34:59","slug":"czy-wlasnie-blokuje-twoje","status":"publish","type":"post","link":"https:\/\/tv.joycemeyer.org\/polish\/2024\/09\/02\/czy-wlasnie-blokuje-twoje\/","title":{"rendered":"Czy w\u0142a\u015bnie to blokuje twoje szcz\u0119\u015bcie?"},"content":{"rendered":"<blockquote><p>Od zarania dziej\u00f3w musieli\u015bmy \u017cy\u0107 w\u015br\u00f3d toksycznych zachowa\u0144, jakimi s\u0105 uprzedzenia.<\/p><\/blockquote>\n<p>Przyczyn\u0105 wi\u0119kszo\u015bci wojen w historii \u015bwiata by\u0142o uprzedzenie i nienawi\u015b\u0107. Ich dziecko to Holokaust i niewolnictwo. W Ksi\u0119dze Rodzaju Kain znienawidzi\u0142 Abla, a ta nienawi\u015b\u0107 nie zosta\u0142a wypleniona na przestrzeni dziej\u00f3w. Nienawidzenie ludzi to ci\u0119\u017cka har\u00f3wka. Nienawi\u015b\u0107 pozbawia cz\u0142owieka wszystkiego co dobre w \u017cyciu. Nawet najr\u00f3\u017cniejsze sekty religijne, kt\u00f3re przez d\u0142ugi czas deklarowa\u0142y swoj\u0105 mi\u0142o\u015b\u0107 do bli\u017anich, w ko\u0144cu zap\u0142on\u0119\u0142y nienawi\u015bci\u0105 z powodu pychy, kt\u00f3ra zrodzi\u0142a si\u0119 w sercach ich przyw\u00f3dc\u00f3w&#8230;<\/p>\n<h3>Czego nienawidzi B\u00f3g<\/h3>\n<p>Mo\u017cemy nie zgadza\u0107 si\u0119 ze wszystkim, w co wierzy lub co robi jaki\u015b cz\u0142owiek, ale nie mamy prawa nienawidzi\u0107 go z tego powodu i z pewno\u015bci\u0105 nie powinni\u015bmy go krzywdzi\u0107. B\u00f3g nigdy nie kaza\u0142 nam akceptowa\u0107 czyich\u015b przekona\u0144, wybor\u00f3w i czyn\u00f3w, ale nakaza\u0142 kocha\u0107 wszystkich ludzi. B\u00f3g nienawidzi grzechu, ale kocha ka\u017cdego grzesznika. Nie cierpi uporu i buntowniczej postawy, ale mi\u0142uje\u00a0 buntownik\u00f3w i ludzi upartych.<\/p>\n<h3>Czepialstwo poprzedza uprzedzenie<\/h3>\n<p>Trudno uwierzy\u0107, jak wiele istnieje dzi\u015b denominacji i niezale\u017cnych ko\u015bcio\u0142\u00f3w, cho\u0107 wszystkie opieraj\u0105 si\u0119 na jednej Biblii, na jednym przes\u0142aniu. Jest oczywiste, \u017ce B\u00f3g chce jedn\u0105 rzecz powiedzie\u0107 wszystkim ludziom \u2013 ma jeden plan dotycz\u0105cy naszego post\u0119powania i relacji z Nim. Jednak z biegiem czasu, z powodu naszej dumy i w\u0105skich horyzont\u00f3w poczuli\u015bmy potrzeb\u0119 za\u0142o\u017cenia ca\u0142ych miriad ko\u015bcio\u0142\u00f3w i grup przyko\u015bcielnych \u2013 a nawet wydania r\u00f3\u017cni\u0105cych si\u0119 od siebie wersji Biblii \u2013 tylko po to, aby dopasowa\u0107 je do naszych \u015bcis\u0142ych interpretacji Pisma.<\/p>\n<p>Zda\u0142am sobie spraw\u0119, \u017ce nie ma w\u015br\u00f3d nas nikogo, kto mia\u0142by racj\u0119 w 100 procentach. Wi\u0119kszo\u015b\u0107 r\u00f3\u017cni\u0105cych nas pogl\u0105d\u00f3w to drobnostki. W Ew. Mateusza 23:24 Jezus powiedzia\u0142 faryzeuszom, \u017ce przecedzaj\u0105 komara, jednocze\u015bnie po\u0142ykaj\u0105c wielb\u0142\u0105da. Stali si\u0119 tak drobiazgowi wobec b\u0142ahostek, \u017ce nie byli w stanie zajmowa\u0107 si\u0119 rzeczami, kt\u00f3re by\u0142y naprawd\u0119 wa\u017cne. Dop\u00f3ki b\u0119dziemy pozwala\u0107, by uprzedzenia, nienawi\u015b\u0107 i k\u0142\u00f3tliwo\u015b\u0107 zajmowa\u0142y swoje miejsce w naszym \u017cyciu, dop\u00f3ty nie b\u0119dziemy w stanie ich powstrzyma\u0107. Tylko zgodno\u015b\u0107 i jedno\u015b\u0107 daj\u0105 si\u0142\u0119 potrzebn\u0105 do przezwyci\u0119\u017cenia uprzedze\u0144. Nie mo\u017cemy pozwala\u0107 z\u0142u tego \u015bwiata, by wygra\u0142o wojn\u0119. Mo\u017cemy pokona\u0107 nienawi\u015b\u0107, pozwalaj\u0105c by mi\u0142o\u015b\u0107 przezwyci\u0119\u017cy\u0142a nasze k\u0142\u00f3tliwe nastawienie wobec innych.<\/p>\n<h3>Przesz\u0142o\u015b\u0107: nienawi\u015b\u0107 czy uzdrowienie?<\/h3>\n<p>Jako kobieta mog\u0142abym spojrze\u0107 w przesz\u0142o\u015b\u0107 i postanowi\u0107 znienawidzi\u0107 wszystkich m\u0119\u017cczyzn, poniewa\u017c moje \u017ce\u0144skie przodkinie by\u0142y traktowane nieuczciwie. Zgodnie z t\u0105 zasad\u0105 \u017bydzi mogliby sp\u0119dzi\u0107 ca\u0142e swoje \u017cycie, piel\u0119gnuj\u0105c nienawi\u015b\u0107 do Niemc\u00f3w z powodu Adolfa Hitlera. Amerykanie mogliby pa\u0142a\u0107 nienawi\u015bci\u0105 do Japo\u0144czyk\u00f3w, gdy\u017c ci ostatni przypu\u015bcili atak na Pearl Harbor. Afroamerykanie mogliby z kolei ca\u0142e \u017cycie nienawidzi\u0107 bia\u0142ych ze wzgl\u0119du na niewolnictwo. Ta lista nie mia\u0142aby ko\u0144ca, gdyby\u015bmy chcieli powr\u00f3ci\u0107 do poczatk\u00f3w \u015bwiata. Problemy, kt\u00f3re dotykaj\u0105 wsp\u00f3\u0142czesne spo\u0142ecze\u0144stwo, nie s\u0105 nowe. S\u0105 z\u0142o\u017cone, poniewa\u017c towarzyszy\u0142y nam od zarania.<\/p>\n<hr \/>\n<blockquote><p>Nikt z nas nie mo\u017ce wr\u00f3ci\u0107 i cofn\u0105\u0107 wydarze\u0144 z przesz\u0142o\u015bci. Niewa\u017cne jak bardzo by\u015bmy tego chcieli, nie mo\u017cemy cofn\u0105\u0107 z\u0142a, kt\u00f3re ju\u017c si\u0119 wydarzy\u0142o. Tylko B\u00f3g mo\u017ce uzdrowi\u0107 przesz\u0142e rany i da\u0107 nam odnow\u0119, kt\u00f3rej potrzebujemy.<\/p><\/blockquote>\n<hr \/>\n<p>Sama te\u017c musia\u0142am przesta\u0107 zlicza\u0107 wszystko, co straci\u0142am, i zacz\u0105\u0107 zwraca\u0107 uwag\u0119 na to, co pozosta\u0142o. Pocz\u0105tkowo nie wydawa\u0142o mi si\u0119, \u017ce b\u0119dzie to przyjemne, ale dokona\u0142am wyboru \u2013 odda\u0142am te rzeczy Bogu. By\u0142am zdumiona tym, co B\u00f3g mo\u017ce zrobi\u0107 z paroma fragmentami mojego \u017cycia. Wykupi\u0142 krzywdy i cierpienie z mojej przesz\u0142o\u015bci i da\u0142 mi cudowne \u017cycie, kt\u00f3re przynosi dobry owoc. Jak\u017ce smutne by\u0142oby moje \u017cycie, gdybym sp\u0119dza\u0142a je, nios\u0105c ze sob\u0105 ci\u0119\u017cki baga\u017c zgorzknienia i nieprzebaczenia. Trwanie w nienawi\u015bci wobec wszystkich m\u0119\u017cczyzn tylko dlatego, \u017ce kilku z nich zn\u0119ca\u0142o si\u0119 nade mn\u0105, albo nienawidzenie swojej rodziny dlatego, \u017ce jej cz\u0119\u015b\u0107 mnie odrzuci\u0142a, lub te\u017c nienawidzenie ludzi z ko\u015bcio\u0142a ze wzgl\u0119du na to, \u017ce niekt\u00f3rzy z nich mnie zdradzili, pozbawi\u0142oby mnie szcz\u0119\u015bliwego i satysfakcjonuj\u0105cego \u017cycia, kt\u00f3rym mog\u0119 si\u0119 dzi\u015b cieszy\u0107. Nasz \u017cywot jest zbyt kr\u00f3tki, by marnowa\u0107 go na nienawidzenie bli\u017anich.<\/p>\n<h3>Prawdziwi wrogowie<\/h3>\n<p>Dok\u0142adnie przyjrzyj si\u0119 sobie pod tym k\u0105tem&#8230; i b\u0105d\u017a szczery. Czy jeste\u015b uprzedzony? Czy w twoim \u017cyciu istniej\u0105 ciemne zau\u0142ki, w kt\u00f3rych panuje nienawi\u015b\u0107? M\u00f3dl si\u0119 szczerze i pro\u015b Boga, aby usun\u0105\u0142 z\u0142e emocje. Ka\u017cdy z nas powinien zda\u0107 sobie spraw\u0119, \u017ce nie jeste\u015bmy lepsi od NIKOGO innego \u2013 wszyscy jeste\u015bmy r\u00f3wni w Bo\u017cych oczach. Ka\u017cdy cz\u0142owiek zosta\u0142 stworzony przez Boga, a On powiedzia\u0142, \u017ce wszystko, co uczyni\u0142, jest dobre.<\/p>\n<p>Pami\u0119taj, naszym wrogiem nie s\u0105 inni ludzie. Przeciwnikami, z kt\u00f3rymi si\u0119 mierzymi, s\u0105 nienawi\u015b\u0107, uprzedzenie i z\u0142o, kt\u00f3re rodz\u0105. Nie mo\u017cemy marnowa\u0107 swojego czasu i energii, nienawidz\u0105c si\u0119 i walcz\u0105c ze sob\u0105 wzajemnie. Musimy zdecydowanie kroczy\u0107 drog\u0105 mi\u0142o\u015bci, musimy prowadzi\u0107 wojn\u0119 przeciwko nienawi\u015bci. Mi\u0142o\u015b\u0107 jest zawsze najlepsz\u0105 metod\u0105 stawiania oporu.<\/p>\n","protected":false},"excerpt":{"rendered":"<p>Trudno uwierzy\u0107, jak wiele istnieje dzi\u015b denominacji i niezale\u017cnych ko\u015bcio\u0142\u00f3w, cho\u0107 wszystkie opieraj\u0105 si\u0119 na jednej Biblii, na jednym przes\u0142aniu. <\/p>\n","protected":false},"author":4,"featured_media":3000,"comment_status":"closed","ping_status":"open","sticky":false,"template":"","format":"standard","meta":{"_acf_changed":false,"footnotes":""},"categories":[1],"tags":[],"class_list":["post-283","post","type-post","status-publish","format-standard","has-post-thumbnail","hentry","category-duchowy-rozwoj"],"acf":[],"appp":{"post_detail":{"above_title":"<div class=\"post-featured-wrap\"><img width=\"1024\" height=\"597\" src=\"https:\/\/tv.joycemeyer.org\/polish\/wp-content\/uploads\/sites\/126\/2019\/09\/Czy-wlas\u0301nie-to-blokuje-twoje-szcze\u0328s\u0301cie--1024x597.jpg\" class=\"post-featured wp-post-image\" alt=\"Czy w\u0142a\u015bnie to blokuje twoje szcz\u0119\u015bcie?\" decoding=\"async\" srcset=\"https:\/\/tv.joycemeyer.org\/polish\/wp-content\/uploads\/sites\/126\/2019\/09\/Czy-wlas\u0301nie-to-blokuje-twoje-szcze\u0328s\u0301cie--1024x597.jpg 1024w, https:\/\/tv.joycemeyer.org\/polish\/wp-content\/uploads\/sites\/126\/2019\/09\/Czy-wlas\u0301nie-to-blokuje-twoje-szcze\u0328s\u0301cie--300x175.jpg 300w, https:\/\/tv.joycemeyer.org\/polish\/wp-content\/uploads\/sites\/126\/2019\/09\/Czy-wlas\u0301nie-to-blokuje-twoje-szcze\u0328s\u0301cie--768x448.jpg 768w, https:\/\/tv.joycemeyer.org\/polish\/wp-content\/uploads\/sites\/126\/2019\/09\/Czy-wlas\u0301nie-to-blokuje-twoje-szcze\u0328s\u0301cie--1536x896.jpg 1536w, https:\/\/tv.joycemeyer.org\/polish\/wp-content\/uploads\/sites\/126\/2019\/09\/Czy-wlas\u0301nie-to-blokuje-twoje-szcze\u0328s\u0301cie-.jpg 1800w\" sizes=\"(max-width: 1024px) 100vw, 1024px\" \/><\/div>","below_content":""}},"yoast_head":"<!-- This site is optimized with the Yoast SEO plugin v27.4 - https:\/\/yoast.com\/product\/yoast-seo-wordpress\/ -->\n<title>Czy w\u0142a\u015bnie to blokuje twoje szcz\u0119\u015bcie? - Joyce Meyer Ministries - Polish<\/title>\n<meta name=\"robots\" content=\"noindex, follow, max-snippet:-1, max-image-preview:large, max-video-preview:-1\" \/>\n<meta property=\"og:locale\" content=\"pl_PL\" \/>\n<meta property=\"og:type\" content=\"article\" \/>\n<meta property=\"og:title\" content=\"Czy w\u0142a\u015bnie to blokuje twoje szcz\u0119\u015bcie? - Joyce Meyer Ministries - Polish\" \/>\n<meta property=\"og:description\" content=\"Trudno uwierzy\u0107, jak wiele istnieje dzi\u015b denominacji i niezale\u017cnych ko\u015bcio\u0142\u00f3w, cho\u0107 wszystkie opieraj\u0105 si\u0119 na jednej Biblii, na jednym przes\u0142aniu.\" \/>\n<meta property=\"og:url\" content=\"https:\/\/tv.joycemeyer.org\/polish\/2024\/09\/02\/czy-wlasnie-blokuje-twoje\/\" \/>\n<meta property=\"og:site_name\" content=\"Joyce Meyer Ministries - Polish\" \/>\n<meta property=\"article:publisher\" content=\"https:\/\/www.facebook.com\/JoyceMeyerMinistriesPolish\/\" \/>\n<meta property=\"article:published_time\" content=\"2024-09-02T18:27:34+00:00\" \/>\n<meta property=\"article:modified_time\" content=\"2024-10-24T16:34:59+00:00\" \/>\n<meta property=\"og:image\" content=\"https:\/\/tv.joycemeyer.org\/polish\/wp-content\/uploads\/sites\/126\/2019\/09\/Czy-wlas\u0301nie-to-blokuje-twoje-szcze\u0328s\u0301cie-.jpg\" \/>\n\t<meta property=\"og:image:width\" content=\"1800\" \/>\n\t<meta property=\"og:image:height\" content=\"1050\" \/>\n\t<meta property=\"og:image:type\" content=\"image\/jpeg\" \/>\n<meta name=\"author\" content=\"jmcdevitt\" \/>\n<meta name=\"twitter:card\" content=\"summary_large_image\" \/>\n<meta name=\"twitter:label1\" content=\"Napisane przez\" \/>\n\t<meta name=\"twitter:data1\" content=\"jmcdevitt\" \/>\n\t<meta name=\"twitter:label2\" content=\"Szacowany czas czytania\" \/>\n\t<meta name=\"twitter:data2\" content=\"4 minuty\" \/>\n<script type=\"application\/ld+json\" class=\"yoast-schema-graph\">{\"@context\":\"https:\\\/\\\/schema.org\",\"@graph\":[{\"@type\":\"Article\",\"@id\":\"https:\\\/\\\/tv.joycemeyer.org\\\/polish\\\/2024\\\/09\\\/02\\\/czy-wlasnie-blokuje-twoje\\\/#article\",\"isPartOf\":{\"@id\":\"https:\\\/\\\/tv.joycemeyer.org\\\/polish\\\/2024\\\/09\\\/02\\\/czy-wlasnie-blokuje-twoje\\\/\"},\"author\":{\"name\":\"jmcdevitt\",\"@id\":\"https:\\\/\\\/tv.joycemeyer.org\\\/polish\\\/#\\\/schema\\\/person\\\/ec8ccae150e510d204c6f1130fa8f05f\"},\"headline\":\"Czy w\u0142a\u015bnie to blokuje twoje szcz\u0119\u015bcie?\",\"datePublished\":\"2024-09-02T18:27:34+00:00\",\"dateModified\":\"2024-10-24T16:34:59+00:00\",\"mainEntityOfPage\":{\"@id\":\"https:\\\/\\\/tv.joycemeyer.org\\\/polish\\\/2024\\\/09\\\/02\\\/czy-wlasnie-blokuje-twoje\\\/\"},\"wordCount\":930,\"image\":{\"@id\":\"https:\\\/\\\/tv.joycemeyer.org\\\/polish\\\/2024\\\/09\\\/02\\\/czy-wlasnie-blokuje-twoje\\\/#primaryimage\"},\"thumbnailUrl\":\"https:\\\/\\\/tv.joycemeyer.org\\\/polish\\\/wp-content\\\/uploads\\\/sites\\\/126\\\/2019\\\/09\\\/Czy-wlas\u0301nie-to-blokuje-twoje-szcze\u0328s\u0301cie-.jpg\",\"articleSection\":[\"Duchowy rozw\u00f3j\"],\"inLanguage\":\"pl-PL\"},{\"@type\":\"WebPage\",\"@id\":\"https:\\\/\\\/tv.joycemeyer.org\\\/polish\\\/2024\\\/09\\\/02\\\/czy-wlasnie-blokuje-twoje\\\/\",\"url\":\"https:\\\/\\\/tv.joycemeyer.org\\\/polish\\\/2024\\\/09\\\/02\\\/czy-wlasnie-blokuje-twoje\\\/\",\"name\":\"Czy w\u0142a\u015bnie to blokuje twoje szcz\u0119\u015bcie? - Joyce Meyer Ministries - Polish\",\"isPartOf\":{\"@id\":\"https:\\\/\\\/tv.joycemeyer.org\\\/polish\\\/#website\"},\"primaryImageOfPage\":{\"@id\":\"https:\\\/\\\/tv.joycemeyer.org\\\/polish\\\/2024\\\/09\\\/02\\\/czy-wlasnie-blokuje-twoje\\\/#primaryimage\"},\"image\":{\"@id\":\"https:\\\/\\\/tv.joycemeyer.org\\\/polish\\\/2024\\\/09\\\/02\\\/czy-wlasnie-blokuje-twoje\\\/#primaryimage\"},\"thumbnailUrl\":\"https:\\\/\\\/tv.joycemeyer.org\\\/polish\\\/wp-content\\\/uploads\\\/sites\\\/126\\\/2019\\\/09\\\/Czy-wlas\u0301nie-to-blokuje-twoje-szcze\u0328s\u0301cie-.jpg\",\"datePublished\":\"2024-09-02T18:27:34+00:00\",\"dateModified\":\"2024-10-24T16:34:59+00:00\",\"author\":{\"@id\":\"https:\\\/\\\/tv.joycemeyer.org\\\/polish\\\/#\\\/schema\\\/person\\\/ec8ccae150e510d204c6f1130fa8f05f\"},\"breadcrumb\":{\"@id\":\"https:\\\/\\\/tv.joycemeyer.org\\\/polish\\\/2024\\\/09\\\/02\\\/czy-wlasnie-blokuje-twoje\\\/#breadcrumb\"},\"inLanguage\":\"pl-PL\",\"potentialAction\":[{\"@type\":\"ReadAction\",\"target\":[\"https:\\\/\\\/tv.joycemeyer.org\\\/polish\\\/2024\\\/09\\\/02\\\/czy-wlasnie-blokuje-twoje\\\/\"]}]},{\"@type\":\"ImageObject\",\"inLanguage\":\"pl-PL\",\"@id\":\"https:\\\/\\\/tv.joycemeyer.org\\\/polish\\\/2024\\\/09\\\/02\\\/czy-wlasnie-blokuje-twoje\\\/#primaryimage\",\"url\":\"https:\\\/\\\/tv.joycemeyer.org\\\/polish\\\/wp-content\\\/uploads\\\/sites\\\/126\\\/2019\\\/09\\\/Czy-wlas\u0301nie-to-blokuje-twoje-szcze\u0328s\u0301cie-.jpg\",\"contentUrl\":\"https:\\\/\\\/tv.joycemeyer.org\\\/polish\\\/wp-content\\\/uploads\\\/sites\\\/126\\\/2019\\\/09\\\/Czy-wlas\u0301nie-to-blokuje-twoje-szcze\u0328s\u0301cie-.jpg\",\"width\":1800,\"height\":1050,\"caption\":\"Czy w\u0142a\u015bnie to blokuje twoje szcz\u0119\u015bcie?\"},{\"@type\":\"BreadcrumbList\",\"@id\":\"https:\\\/\\\/tv.joycemeyer.org\\\/polish\\\/2024\\\/09\\\/02\\\/czy-wlasnie-blokuje-twoje\\\/#breadcrumb\",\"itemListElement\":[{\"@type\":\"ListItem\",\"position\":1,\"name\":\"Home\",\"item\":\"https:\\\/\\\/tv.joycemeyer.org\\\/polish\\\/\"},{\"@type\":\"ListItem\",\"position\":2,\"name\":\"Czy w\u0142a\u015bnie to blokuje twoje szcz\u0119\u015bcie?\"}]},{\"@type\":\"WebSite\",\"@id\":\"https:\\\/\\\/tv.joycemeyer.org\\\/polish\\\/#website\",\"url\":\"https:\\\/\\\/tv.joycemeyer.org\\\/polish\\\/\",\"name\":\"Joyce Meyer Ministries - Polish\",\"description\":\"Dzieli\u0107 si\u0119 Chrystusem i kocha\u0107 ludzi\",\"potentialAction\":[{\"@type\":\"SearchAction\",\"target\":{\"@type\":\"EntryPoint\",\"urlTemplate\":\"https:\\\/\\\/tv.joycemeyer.org\\\/polish\\\/?s={search_term_string}\"},\"query-input\":{\"@type\":\"PropertyValueSpecification\",\"valueRequired\":true,\"valueName\":\"search_term_string\"}}],\"inLanguage\":\"pl-PL\"},{\"@type\":\"Person\",\"@id\":\"https:\\\/\\\/tv.joycemeyer.org\\\/polish\\\/#\\\/schema\\\/person\\\/ec8ccae150e510d204c6f1130fa8f05f\",\"name\":\"jmcdevitt\",\"image\":{\"@type\":\"ImageObject\",\"inLanguage\":\"pl-PL\",\"@id\":\"https:\\\/\\\/secure.gravatar.com\\\/avatar\\\/2cf38691e4af58f7430585991378478f69715cbc90542911518c88f8bd7227a7?s=96&d=mm&r=g\",\"url\":\"https:\\\/\\\/secure.gravatar.com\\\/avatar\\\/2cf38691e4af58f7430585991378478f69715cbc90542911518c88f8bd7227a7?s=96&d=mm&r=g\",\"contentUrl\":\"https:\\\/\\\/secure.gravatar.com\\\/avatar\\\/2cf38691e4af58f7430585991378478f69715cbc90542911518c88f8bd7227a7?s=96&d=mm&r=g\",\"caption\":\"jmcdevitt\"},\"url\":\"https:\\\/\\\/tv.joycemeyer.org\\\/polish\\\/author\\\/jmcdevitt\\\/\"}]}<\/script>\n<!-- \/ Yoast SEO plugin. -->","yoast_head_json":{"title":"Czy w\u0142a\u015bnie to blokuje twoje szcz\u0119\u015bcie? - Joyce Meyer Ministries - Polish","robots":{"index":"noindex","follow":"follow","max-snippet":"max-snippet:-1","max-image-preview":"max-image-preview:large","max-video-preview":"max-video-preview:-1"},"og_locale":"pl_PL","og_type":"article","og_title":"Czy w\u0142a\u015bnie to blokuje twoje szcz\u0119\u015bcie? - Joyce Meyer Ministries - Polish","og_description":"Trudno uwierzy\u0107, jak wiele istnieje dzi\u015b denominacji i niezale\u017cnych ko\u015bcio\u0142\u00f3w, cho\u0107 wszystkie opieraj\u0105 si\u0119 na jednej Biblii, na jednym przes\u0142aniu.","og_url":"https:\/\/tv.joycemeyer.org\/polish\/2024\/09\/02\/czy-wlasnie-blokuje-twoje\/","og_site_name":"Joyce Meyer Ministries - Polish","article_publisher":"https:\/\/www.facebook.com\/JoyceMeyerMinistriesPolish\/","article_published_time":"2024-09-02T18:27:34+00:00","article_modified_time":"2024-10-24T16:34:59+00:00","og_image":[{"width":1800,"height":1050,"url":"https:\/\/tv.joycemeyer.org\/polish\/wp-content\/uploads\/sites\/126\/2019\/09\/Czy-wlas\u0301nie-to-blokuje-twoje-szcze\u0328s\u0301cie-.jpg","type":"image\/jpeg"}],"author":"jmcdevitt","twitter_card":"summary_large_image","twitter_misc":{"Napisane przez":"jmcdevitt","Szacowany czas czytania":"4 minuty"},"schema":{"@context":"https:\/\/schema.org","@graph":[{"@type":"Article","@id":"https:\/\/tv.joycemeyer.org\/polish\/2024\/09\/02\/czy-wlasnie-blokuje-twoje\/#article","isPartOf":{"@id":"https:\/\/tv.joycemeyer.org\/polish\/2024\/09\/02\/czy-wlasnie-blokuje-twoje\/"},"author":{"name":"jmcdevitt","@id":"https:\/\/tv.joycemeyer.org\/polish\/#\/schema\/person\/ec8ccae150e510d204c6f1130fa8f05f"},"headline":"Czy w\u0142a\u015bnie to blokuje twoje szcz\u0119\u015bcie?","datePublished":"2024-09-02T18:27:34+00:00","dateModified":"2024-10-24T16:34:59+00:00","mainEntityOfPage":{"@id":"https:\/\/tv.joycemeyer.org\/polish\/2024\/09\/02\/czy-wlasnie-blokuje-twoje\/"},"wordCount":930,"image":{"@id":"https:\/\/tv.joycemeyer.org\/polish\/2024\/09\/02\/czy-wlasnie-blokuje-twoje\/#primaryimage"},"thumbnailUrl":"https:\/\/tv.joycemeyer.org\/polish\/wp-content\/uploads\/sites\/126\/2019\/09\/Czy-wlas\u0301nie-to-blokuje-twoje-szcze\u0328s\u0301cie-.jpg","articleSection":["Duchowy rozw\u00f3j"],"inLanguage":"pl-PL"},{"@type":"WebPage","@id":"https:\/\/tv.joycemeyer.org\/polish\/2024\/09\/02\/czy-wlasnie-blokuje-twoje\/","url":"https:\/\/tv.joycemeyer.org\/polish\/2024\/09\/02\/czy-wlasnie-blokuje-twoje\/","name":"Czy w\u0142a\u015bnie to blokuje twoje szcz\u0119\u015bcie? - Joyce Meyer Ministries - Polish","isPartOf":{"@id":"https:\/\/tv.joycemeyer.org\/polish\/#website"},"primaryImageOfPage":{"@id":"https:\/\/tv.joycemeyer.org\/polish\/2024\/09\/02\/czy-wlasnie-blokuje-twoje\/#primaryimage"},"image":{"@id":"https:\/\/tv.joycemeyer.org\/polish\/2024\/09\/02\/czy-wlasnie-blokuje-twoje\/#primaryimage"},"thumbnailUrl":"https:\/\/tv.joycemeyer.org\/polish\/wp-content\/uploads\/sites\/126\/2019\/09\/Czy-wlas\u0301nie-to-blokuje-twoje-szcze\u0328s\u0301cie-.jpg","datePublished":"2024-09-02T18:27:34+00:00","dateModified":"2024-10-24T16:34:59+00:00","author":{"@id":"https:\/\/tv.joycemeyer.org\/polish\/#\/schema\/person\/ec8ccae150e510d204c6f1130fa8f05f"},"breadcrumb":{"@id":"https:\/\/tv.joycemeyer.org\/polish\/2024\/09\/02\/czy-wlasnie-blokuje-twoje\/#breadcrumb"},"inLanguage":"pl-PL","potentialAction":[{"@type":"ReadAction","target":["https:\/\/tv.joycemeyer.org\/polish\/2024\/09\/02\/czy-wlasnie-blokuje-twoje\/"]}]},{"@type":"ImageObject","inLanguage":"pl-PL","@id":"https:\/\/tv.joycemeyer.org\/polish\/2024\/09\/02\/czy-wlasnie-blokuje-twoje\/#primaryimage","url":"https:\/\/tv.joycemeyer.org\/polish\/wp-content\/uploads\/sites\/126\/2019\/09\/Czy-wlas\u0301nie-to-blokuje-twoje-szcze\u0328s\u0301cie-.jpg","contentUrl":"https:\/\/tv.joycemeyer.org\/polish\/wp-content\/uploads\/sites\/126\/2019\/09\/Czy-wlas\u0301nie-to-blokuje-twoje-szcze\u0328s\u0301cie-.jpg","width":1800,"height":1050,"caption":"Czy w\u0142a\u015bnie to blokuje twoje szcz\u0119\u015bcie?"},{"@type":"BreadcrumbList","@id":"https:\/\/tv.joycemeyer.org\/polish\/2024\/09\/02\/czy-wlasnie-blokuje-twoje\/#breadcrumb","itemListElement":[{"@type":"ListItem","position":1,"name":"Home","item":"https:\/\/tv.joycemeyer.org\/polish\/"},{"@type":"ListItem","position":2,"name":"Czy w\u0142a\u015bnie to blokuje twoje szcz\u0119\u015bcie?"}]},{"@type":"WebSite","@id":"https:\/\/tv.joycemeyer.org\/polish\/#website","url":"https:\/\/tv.joycemeyer.org\/polish\/","name":"Joyce Meyer Ministries - Polish","description":"Dzieli\u0107 si\u0119 Chrystusem i kocha\u0107 ludzi","potentialAction":[{"@type":"SearchAction","target":{"@type":"EntryPoint","urlTemplate":"https:\/\/tv.joycemeyer.org\/polish\/?s={search_term_string}"},"query-input":{"@type":"PropertyValueSpecification","valueRequired":true,"valueName":"search_term_string"}}],"inLanguage":"pl-PL"},{"@type":"Person","@id":"https:\/\/tv.joycemeyer.org\/polish\/#\/schema\/person\/ec8ccae150e510d204c6f1130fa8f05f","name":"jmcdevitt","image":{"@type":"ImageObject","inLanguage":"pl-PL","@id":"https:\/\/secure.gravatar.com\/avatar\/2cf38691e4af58f7430585991378478f69715cbc90542911518c88f8bd7227a7?s=96&d=mm&r=g","url":"https:\/\/secure.gravatar.com\/avatar\/2cf38691e4af58f7430585991378478f69715cbc90542911518c88f8bd7227a7?s=96&d=mm&r=g","contentUrl":"https:\/\/secure.gravatar.com\/avatar\/2cf38691e4af58f7430585991378478f69715cbc90542911518c88f8bd7227a7?s=96&d=mm&r=g","caption":"jmcdevitt"},"url":"https:\/\/tv.joycemeyer.org\/polish\/author\/jmcdevitt\/"}]}},"_links":{"self":[{"href":"https:\/\/tv.joycemeyer.org\/polish\/wp-json\/wp\/v2\/posts\/283","targetHints":{"allow":["GET"]}}],"collection":[{"href":"https:\/\/tv.joycemeyer.org\/polish\/wp-json\/wp\/v2\/posts"}],"about":[{"href":"https:\/\/tv.joycemeyer.org\/polish\/wp-json\/wp\/v2\/types\/post"}],"author":[{"embeddable":true,"href":"https:\/\/tv.joycemeyer.org\/polish\/wp-json\/wp\/v2\/users\/4"}],"replies":[{"embeddable":true,"href":"https:\/\/tv.joycemeyer.org\/polish\/wp-json\/wp\/v2\/comments?post=283"}],"version-history":[{"count":0,"href":"https:\/\/tv.joycemeyer.org\/polish\/wp-json\/wp\/v2\/posts\/283\/revisions"}],"wp:featuredmedia":[{"embeddable":true,"href":"https:\/\/tv.joycemeyer.org\/polish\/wp-json\/wp\/v2\/media\/3000"}],"wp:attachment":[{"href":"https:\/\/tv.joycemeyer.org\/polish\/wp-json\/wp\/v2\/media?parent=283"}],"wp:term":[{"taxonomy":"category","embeddable":true,"href":"https:\/\/tv.joycemeyer.org\/polish\/wp-json\/wp\/v2\/categories?post=283"},{"taxonomy":"post_tag","embeddable":true,"href":"https:\/\/tv.joycemeyer.org\/polish\/wp-json\/wp\/v2\/tags?post=283"}],"curies":[{"name":"wp","href":"https:\/\/api.w.org\/{rel}","templated":true}]}}