{"id":320,"date":"2019-01-15T19:36:02","date_gmt":"2019-01-15T19:36:02","guid":{"rendered":"https:\/\/tv.joycemeyer.org\/shqip\/?p=320"},"modified":"2019-01-15T19:36:02","modified_gmt":"2019-01-15T19:36:02","slug":"jezusi-eshte-ende-ne-biznesin","status":"publish","type":"post","link":"https:\/\/tv.joycemeyer.org\/shqip\/2019\/01\/15\/jezusi-eshte-ende-ne-biznesin\/","title":{"rendered":"Jezusi \u00ebsht\u00eb ende n\u00eb biznesin e sh\u00ebrimit"},"content":{"rendered":"<p>Kur Ai ishte k\u00ebtu n\u00eb tok\u00eb, kishte nj\u00eb sh\u00ebrbes\u00eb sh\u00ebrimi. Shum\u00eb njer\u00ebz u sh\u00ebruar e t\u00eb tjer\u00eb u ngrit\u00ebn prej s\u00eb vdekurish. <strong>Mateu\u00a0 8:16 (NIV)<\/strong> thot\u00eb: \u00a0\u201c\u2026ai, me fjal\u00eb, i d\u00ebboi frym\u00ebrat dhe i sh\u00ebroi t\u00eb gjith\u00eb t\u00eb s\u00ebmur\u00ebt.\u201d Dhe tek <strong>Hebrenjve 13:8 (NIV)<\/strong> thuhet: \u201cKrishti \u00ebsht\u00eb i nj\u00ebjt\u00eb dje, sot e p\u00ebrjet\u00eb.\u201d<\/p>\n<p>Jezusi merakoset p\u00ebr \u00e7do pjes\u00eb tuaj\u00ebn. Tek <strong>3 Gjonit 1:2 (NIV)<\/strong> Ai thot\u00eb: \u201cShum\u00eb i dashur, un\u00eb d\u00ebshiroj t\u00eb kesh mbar\u00ebsi n\u00eb \u00e7do gj\u00eb dhe t\u00eb g\u00ebzosh sh\u00ebndet t\u00eb mir\u00eb, ashtu si ka mbar\u00ebsi shpirti yt.\u201d Ti mund ta dish se Jezusi \u00ebsht\u00eb n\u00eb gjendje t\u00eb t\u00eb sh\u00ebroj\u00eb, por ndoshta nuk je v\u00ebrtet i sigurt p\u00ebr faktin q\u00eb \u00ebsht\u00eb n\u00eb vullnetin e Tij q\u00eb t\u00eb t\u00eb sh\u00ebroj\u00eb. Edhe pse nuk e kemi p\u00ebrgjigjen se p\u00ebrse disa njer\u00ebz sh\u00ebrohen menj\u00ebher\u00eb e t\u00eb tjer\u00eb jo, ti duhet t\u00eb vazhdosh t\u00eb lutesh p\u00ebr sh\u00ebrimin t\u00ebnd. Mateu 8:3 thot\u00eb se \u00ebsht\u00eb vullneti i Tij q\u00eb t\u00eb t\u00eb sh\u00ebroj\u00eb ty.<\/p>\n<p>Kalosh koh\u00eb me Zotin duke lexuar Fjal\u00ebn e Tij p\u00ebrdit\u00eb, sepse Ai deklaron tek Fjal\u00ebt E <strong>urta 4:20-22<\/strong> se Fjal\u00ebt e Tij jan\u00eb jet\u00eb p\u00ebr ata q\u00eb i gjejn\u00eb dhe sh\u00ebrim e sh\u00ebndet p\u00ebr gjith\u00eb trupin e tyre. Tek <strong>Psalmi 107:20,<\/strong> Ai thot\u00eb: \u201cAi d\u00ebrgoi fjal\u00ebn e tij dhe i sh\u00ebroi, i shp\u00ebtoi nga gropa.\u201d Fjala e Tij \u00ebsht\u00eb ila\u00e7i frym\u00ebror dhe Ai \u00ebsht\u00eb Doktori.<\/p>\n<p>P\u00ebr disa, Per\u00ebndia sjell nj\u00eb sh\u00ebndet t\u00eb restauruar p\u00ebrmes hs\u00ebrimit t\u00eb vet\u00eb trupit. Ai gjithashtu, punon duke iu p\u00ebrgjigjur lutjeve, p\u00ebrmes shtrirjes s\u00eb duarve mbi t\u00eb s\u00ebmur\u00ebt (<strong>Marku 16:18)<\/strong>, ose p\u00ebrmes mjek\u00ebve dhe ila\u00e7eve. Ndonj\u00ebher\u00eb, sh\u00ebrmi ndodh menj\u00ebher\u00eb dhe her\u00eb t\u00eb tjera k\u00ebrkon koh\u00eb m\u00eb t\u00eb gjat\u00eb, ndoshta deri sa t\u00eb vij\u00eb sh\u00ebrimi i fundit, n\u00eb jet\u00ebn tjet\u00ebr. <strong>(1 Korintasve 15:53-55)<\/strong> Edhe pse nuk e dim\u00eb sakt\u00ebsisht se si dhe kur do ta sjell\u00eb Per\u00ebndia sh\u00ebrimin p\u00ebr ty, vazhdo t\u00eb lutesh.<\/p>\n<p>Lutu dhe vazhdo t\u00eb lutesh. B\u00ebja t\u00eb ditur Per\u00ebndis\u00eb se po i beson Atij q\u00eb t\u00eb sjell\u00eb sh\u00ebrim, sepse \u00ebsht\u00eb n\u00eb vullnetin e Tij q\u00eb ti ta marr\u00ebsh at\u00eb sh\u00ebrim. k\u00ebrko urt\u00ebsi p\u00ebr m\u00ebnyr\u00ebn se si duhet t\u00eb p\u00ebrballesh me gj\u00ebrat. N\u00ebse ndjen se Per\u00ebndia po t\u00eb thot\u00eb t\u00eb b\u00ebsh di\u00e7ka (apo t\u00eb mos b\u00ebsh di\u00e7ka), ndiq udh\u00ebheqjen e Tij. Pastaj bashk\u00ebpuno me at\u00eb gj\u00eb p\u00ebr t\u00eb cil\u00ebn je lutur, duke zgjedhur t\u00eb besosh dhe t\u00eb deklarosh se fuqia sh\u00ebruese e Per\u00ebndi\u00eb po punon n\u00eb ty, dhe falenderoje At\u00eb p\u00ebr sh\u00ebrimin t\u00ebnd!<\/p>\n<p>Pavar\u00ebsisht asaj q\u00eb po kalon, kurr\u00eb nuk do t\u00eb jesh vet\u00ebm. Si besimtar, Fryma E shenjt\u00eb jeton brenda teje dhe do t\u00eb t\u00eb ndihmoj\u00eb p\u00ebrmes koh\u00ebve t\u00eb v\u00ebshtira. Tek <strong>Isaia 41:10,<\/strong> Per\u00ebndia thot\u00eb: \u201cMos ki frik\u00eb, sepse un\u00eb jam me ty, mos e humb, sepse un\u00eb jam Per\u00ebndia yt. Un\u00eb t\u00eb forcoj dhe nj\u00ebkoh\u00ebsisht t\u00eb ndihmoj dhe t\u00eb mbaj me dor\u00ebn e djatht\u00eb&#8230;\u201d<\/p>\n","protected":false},"excerpt":{"rendered":"<p>Kur Ai ishte k\u00ebtu n\u00eb tok\u00eb, kishte nj\u00eb sh\u00ebrbes\u00eb sh\u00ebrimi. Shum\u00eb njer\u00ebz u sh\u00ebruar e t\u00eb tjer\u00eb u ngrit\u00ebn prej s\u00eb vdekurish. Mateu\u00a0 8:16 (NIV) thot\u00eb: \u00a0\u201c\u2026ai, me fjal\u00eb, i d\u00ebboi frym\u00ebrat dhe i sh\u00ebroi t\u00eb gjith\u00eb t\u00eb s\u00ebmur\u00ebt.\u201d Dhe tek Hebrenjve 13:8 (NIV) thuhet: \u201cKrishti \u00ebsht\u00eb i nj\u00ebjt\u00eb dje, sot e p\u00ebrjet\u00eb.\u201d Jezusi merakoset&#8230;<\/p>\n","protected":false},"author":4,"featured_media":321,"comment_status":"closed","ping_status":"open","sticky":false,"template":"","format":"standard","meta":{"_acf_changed":false,"footnotes":""},"categories":[1],"tags":[],"class_list":["post-320","post","type-post","status-publish","format-standard","has-post-thumbnail","hentry","category-uncategorized"],"acf":[],"appp":{"post_detail":{"above_title":"<div class=\"post-featured-wrap\"><img width=\"960\" height=\"639\" src=\"https:\/\/tv.joycemeyer.org\/shqip\/wp-content\/uploads\/sites\/10\/2019\/01\/57.jpg\" class=\"post-featured wp-post-image\" alt=\"Jezusi \u00ebsht\u00eb ende n\u00eb biznesin e sh\u00ebrimit\" decoding=\"async\" srcset=\"https:\/\/tv.joycemeyer.org\/shqip\/wp-content\/uploads\/sites\/10\/2019\/01\/57.jpg 960w, https:\/\/tv.joycemeyer.org\/shqip\/wp-content\/uploads\/sites\/10\/2019\/01\/57-300x200.jpg 300w, https:\/\/tv.joycemeyer.org\/shqip\/wp-content\/uploads\/sites\/10\/2019\/01\/57-768x511.jpg 768w\" sizes=\"(max-width: 960px) 100vw, 960px\" \/><\/div>","below_content":""}},"yoast_head":"<!-- This site is optimized with the Yoast SEO plugin v27.4 - https:\/\/yoast.com\/product\/yoast-seo-wordpress\/ -->\n<title>Jezusi \u00ebsht\u00eb ende n\u00eb biznesin e sh\u00ebrimit - Joyce Meyer Ministries - Shqip<\/title>\n<meta name=\"robots\" content=\"index, follow, max-snippet:-1, max-image-preview:large, max-video-preview:-1\" \/>\n<link rel=\"canonical\" href=\"https:\/\/tv.joycemeyer.org\/shqip\/2019\/01\/15\/jezusi-eshte-ende-ne-biznesin\/\" \/>\n<meta property=\"og:locale\" content=\"sq_AL\" \/>\n<meta property=\"og:type\" content=\"article\" \/>\n<meta property=\"og:title\" content=\"Jezusi \u00ebsht\u00eb ende n\u00eb biznesin e sh\u00ebrimit - Joyce Meyer Ministries - Shqip\" \/>\n<meta property=\"og:description\" content=\"Kur Ai ishte k\u00ebtu n\u00eb tok\u00eb, kishte nj\u00eb sh\u00ebrbes\u00eb sh\u00ebrimi. Shum\u00eb njer\u00ebz u sh\u00ebruar e t\u00eb tjer\u00eb u ngrit\u00ebn prej s\u00eb vdekurish. Mateu\u00a0 8:16 (NIV) thot\u00eb: \u00a0\u201c\u2026ai, me fjal\u00eb, i d\u00ebboi frym\u00ebrat dhe i sh\u00ebroi t\u00eb gjith\u00eb t\u00eb s\u00ebmur\u00ebt.\u201d Dhe tek Hebrenjve 13:8 (NIV) thuhet: \u201cKrishti \u00ebsht\u00eb i nj\u00ebjt\u00eb dje, sot e p\u00ebrjet\u00eb.\u201d Jezusi merakoset...\" \/>\n<meta property=\"og:url\" content=\"https:\/\/tv.joycemeyer.org\/shqip\/2019\/01\/15\/jezusi-eshte-ende-ne-biznesin\/\" \/>\n<meta property=\"og:site_name\" content=\"Joyce Meyer Ministries - Shqip\" \/>\n<meta property=\"article:publisher\" content=\"https:\/\/www.facebook.com\/JoyceMeyerMinistriesAlbanian\/\" \/>\n<meta property=\"article:published_time\" content=\"2019-01-15T19:36:02+00:00\" \/>\n<meta property=\"og:image\" content=\"https:\/\/tv.joycemeyer.org\/shqip\/wp-content\/uploads\/sites\/10\/2019\/01\/57.jpg\" \/>\n\t<meta property=\"og:image:width\" content=\"960\" \/>\n\t<meta property=\"og:image:height\" content=\"639\" \/>\n\t<meta property=\"og:image:type\" content=\"image\/jpeg\" \/>\n<meta name=\"author\" content=\"jmcdevitt\" \/>\n<meta name=\"twitter:card\" content=\"summary_large_image\" \/>\n<meta name=\"twitter:label1\" content=\"Written by\" \/>\n\t<meta name=\"twitter:data1\" content=\"jmcdevitt\" \/>\n\t<meta name=\"twitter:label2\" content=\"Est. reading time\" \/>\n\t<meta name=\"twitter:data2\" content=\"3 minuta\" \/>\n<script type=\"application\/ld+json\" class=\"yoast-schema-graph\">{\"@context\":\"https:\\\/\\\/schema.org\",\"@graph\":[{\"@type\":\"Article\",\"@id\":\"https:\\\/\\\/tv.joycemeyer.org\\\/shqip\\\/2019\\\/01\\\/15\\\/jezusi-eshte-ende-ne-biznesin\\\/#article\",\"isPartOf\":{\"@id\":\"https:\\\/\\\/tv.joycemeyer.org\\\/shqip\\\/2019\\\/01\\\/15\\\/jezusi-eshte-ende-ne-biznesin\\\/\"},\"author\":{\"name\":\"jmcdevitt\",\"@id\":\"https:\\\/\\\/tv.joycemeyer.org\\\/shqip\\\/#\\\/schema\\\/person\\\/ec8ccae150e510d204c6f1130fa8f05f\"},\"headline\":\"Jezusi \u00ebsht\u00eb ende n\u00eb biznesin e sh\u00ebrimit\",\"datePublished\":\"2019-01-15T19:36:02+00:00\",\"mainEntityOfPage\":{\"@id\":\"https:\\\/\\\/tv.joycemeyer.org\\\/shqip\\\/2019\\\/01\\\/15\\\/jezusi-eshte-ende-ne-biznesin\\\/\"},\"wordCount\":565,\"image\":{\"@id\":\"https:\\\/\\\/tv.joycemeyer.org\\\/shqip\\\/2019\\\/01\\\/15\\\/jezusi-eshte-ende-ne-biznesin\\\/#primaryimage\"},\"thumbnailUrl\":\"https:\\\/\\\/tv.joycemeyer.org\\\/shqip\\\/wp-content\\\/uploads\\\/sites\\\/10\\\/2019\\\/01\\\/57.jpg\",\"articleSection\":[\"Uncategorized\"],\"inLanguage\":\"sq\"},{\"@type\":\"WebPage\",\"@id\":\"https:\\\/\\\/tv.joycemeyer.org\\\/shqip\\\/2019\\\/01\\\/15\\\/jezusi-eshte-ende-ne-biznesin\\\/\",\"url\":\"https:\\\/\\\/tv.joycemeyer.org\\\/shqip\\\/2019\\\/01\\\/15\\\/jezusi-eshte-ende-ne-biznesin\\\/\",\"name\":\"Jezusi \u00ebsht\u00eb ende n\u00eb biznesin e sh\u00ebrimit - Joyce Meyer Ministries - Shqip\",\"isPartOf\":{\"@id\":\"https:\\\/\\\/tv.joycemeyer.org\\\/shqip\\\/#website\"},\"primaryImageOfPage\":{\"@id\":\"https:\\\/\\\/tv.joycemeyer.org\\\/shqip\\\/2019\\\/01\\\/15\\\/jezusi-eshte-ende-ne-biznesin\\\/#primaryimage\"},\"image\":{\"@id\":\"https:\\\/\\\/tv.joycemeyer.org\\\/shqip\\\/2019\\\/01\\\/15\\\/jezusi-eshte-ende-ne-biznesin\\\/#primaryimage\"},\"thumbnailUrl\":\"https:\\\/\\\/tv.joycemeyer.org\\\/shqip\\\/wp-content\\\/uploads\\\/sites\\\/10\\\/2019\\\/01\\\/57.jpg\",\"datePublished\":\"2019-01-15T19:36:02+00:00\",\"author\":{\"@id\":\"https:\\\/\\\/tv.joycemeyer.org\\\/shqip\\\/#\\\/schema\\\/person\\\/ec8ccae150e510d204c6f1130fa8f05f\"},\"breadcrumb\":{\"@id\":\"https:\\\/\\\/tv.joycemeyer.org\\\/shqip\\\/2019\\\/01\\\/15\\\/jezusi-eshte-ende-ne-biznesin\\\/#breadcrumb\"},\"inLanguage\":\"sq\",\"potentialAction\":[{\"@type\":\"ReadAction\",\"target\":[\"https:\\\/\\\/tv.joycemeyer.org\\\/shqip\\\/2019\\\/01\\\/15\\\/jezusi-eshte-ende-ne-biznesin\\\/\"]}]},{\"@type\":\"ImageObject\",\"inLanguage\":\"sq\",\"@id\":\"https:\\\/\\\/tv.joycemeyer.org\\\/shqip\\\/2019\\\/01\\\/15\\\/jezusi-eshte-ende-ne-biznesin\\\/#primaryimage\",\"url\":\"https:\\\/\\\/tv.joycemeyer.org\\\/shqip\\\/wp-content\\\/uploads\\\/sites\\\/10\\\/2019\\\/01\\\/57.jpg\",\"contentUrl\":\"https:\\\/\\\/tv.joycemeyer.org\\\/shqip\\\/wp-content\\\/uploads\\\/sites\\\/10\\\/2019\\\/01\\\/57.jpg\",\"width\":960,\"height\":639,\"caption\":\"Jezusi \u00ebsht\u00eb ende n\u00eb biznesin e sh\u00ebrimit\"},{\"@type\":\"BreadcrumbList\",\"@id\":\"https:\\\/\\\/tv.joycemeyer.org\\\/shqip\\\/2019\\\/01\\\/15\\\/jezusi-eshte-ende-ne-biznesin\\\/#breadcrumb\",\"itemListElement\":[{\"@type\":\"ListItem\",\"position\":1,\"name\":\"Home\",\"item\":\"https:\\\/\\\/tv.joycemeyer.org\\\/shqip\\\/\"},{\"@type\":\"ListItem\",\"position\":2,\"name\":\"Jezusi \u00ebsht\u00eb ende n\u00eb biznesin e sh\u00ebrimit\"}]},{\"@type\":\"WebSite\",\"@id\":\"https:\\\/\\\/tv.joycemeyer.org\\\/shqip\\\/#website\",\"url\":\"https:\\\/\\\/tv.joycemeyer.org\\\/shqip\\\/\",\"name\":\"Joyce Meyer Ministries - Shqip\",\"description\":\"Shijoje jet\u00ebn \u00e7do dit\u00eb\",\"potentialAction\":[{\"@type\":\"SearchAction\",\"target\":{\"@type\":\"EntryPoint\",\"urlTemplate\":\"https:\\\/\\\/tv.joycemeyer.org\\\/shqip\\\/?s={search_term_string}\"},\"query-input\":{\"@type\":\"PropertyValueSpecification\",\"valueRequired\":true,\"valueName\":\"search_term_string\"}}],\"inLanguage\":\"sq\"},{\"@type\":\"Person\",\"@id\":\"https:\\\/\\\/tv.joycemeyer.org\\\/shqip\\\/#\\\/schema\\\/person\\\/ec8ccae150e510d204c6f1130fa8f05f\",\"name\":\"jmcdevitt\",\"image\":{\"@type\":\"ImageObject\",\"inLanguage\":\"sq\",\"@id\":\"https:\\\/\\\/secure.gravatar.com\\\/avatar\\\/2cf38691e4af58f7430585991378478f69715cbc90542911518c88f8bd7227a7?s=96&d=mm&r=g\",\"url\":\"https:\\\/\\\/secure.gravatar.com\\\/avatar\\\/2cf38691e4af58f7430585991378478f69715cbc90542911518c88f8bd7227a7?s=96&d=mm&r=g\",\"contentUrl\":\"https:\\\/\\\/secure.gravatar.com\\\/avatar\\\/2cf38691e4af58f7430585991378478f69715cbc90542911518c88f8bd7227a7?s=96&d=mm&r=g\",\"caption\":\"jmcdevitt\"},\"url\":\"https:\\\/\\\/tv.joycemeyer.org\\\/shqip\\\/author\\\/jmcdevitt\\\/\"}]}<\/script>\n<!-- \/ Yoast SEO plugin. -->","yoast_head_json":{"title":"Jezusi \u00ebsht\u00eb ende n\u00eb biznesin e sh\u00ebrimit - Joyce Meyer Ministries - Shqip","robots":{"index":"index","follow":"follow","max-snippet":"max-snippet:-1","max-image-preview":"max-image-preview:large","max-video-preview":"max-video-preview:-1"},"canonical":"https:\/\/tv.joycemeyer.org\/shqip\/2019\/01\/15\/jezusi-eshte-ende-ne-biznesin\/","og_locale":"sq_AL","og_type":"article","og_title":"Jezusi \u00ebsht\u00eb ende n\u00eb biznesin e sh\u00ebrimit - Joyce Meyer Ministries - Shqip","og_description":"Kur Ai ishte k\u00ebtu n\u00eb tok\u00eb, kishte nj\u00eb sh\u00ebrbes\u00eb sh\u00ebrimi. Shum\u00eb njer\u00ebz u sh\u00ebruar e t\u00eb tjer\u00eb u ngrit\u00ebn prej s\u00eb vdekurish. Mateu\u00a0 8:16 (NIV) thot\u00eb: \u00a0\u201c\u2026ai, me fjal\u00eb, i d\u00ebboi frym\u00ebrat dhe i sh\u00ebroi t\u00eb gjith\u00eb t\u00eb s\u00ebmur\u00ebt.\u201d Dhe tek Hebrenjve 13:8 (NIV) thuhet: \u201cKrishti \u00ebsht\u00eb i nj\u00ebjt\u00eb dje, sot e p\u00ebrjet\u00eb.\u201d Jezusi merakoset...","og_url":"https:\/\/tv.joycemeyer.org\/shqip\/2019\/01\/15\/jezusi-eshte-ende-ne-biznesin\/","og_site_name":"Joyce Meyer Ministries - Shqip","article_publisher":"https:\/\/www.facebook.com\/JoyceMeyerMinistriesAlbanian\/","article_published_time":"2019-01-15T19:36:02+00:00","og_image":[{"width":960,"height":639,"url":"https:\/\/tv.joycemeyer.org\/shqip\/wp-content\/uploads\/sites\/10\/2019\/01\/57.jpg","type":"image\/jpeg"}],"author":"jmcdevitt","twitter_card":"summary_large_image","twitter_misc":{"Written by":"jmcdevitt","Est. reading time":"3 minuta"},"schema":{"@context":"https:\/\/schema.org","@graph":[{"@type":"Article","@id":"https:\/\/tv.joycemeyer.org\/shqip\/2019\/01\/15\/jezusi-eshte-ende-ne-biznesin\/#article","isPartOf":{"@id":"https:\/\/tv.joycemeyer.org\/shqip\/2019\/01\/15\/jezusi-eshte-ende-ne-biznesin\/"},"author":{"name":"jmcdevitt","@id":"https:\/\/tv.joycemeyer.org\/shqip\/#\/schema\/person\/ec8ccae150e510d204c6f1130fa8f05f"},"headline":"Jezusi \u00ebsht\u00eb ende n\u00eb biznesin e sh\u00ebrimit","datePublished":"2019-01-15T19:36:02+00:00","mainEntityOfPage":{"@id":"https:\/\/tv.joycemeyer.org\/shqip\/2019\/01\/15\/jezusi-eshte-ende-ne-biznesin\/"},"wordCount":565,"image":{"@id":"https:\/\/tv.joycemeyer.org\/shqip\/2019\/01\/15\/jezusi-eshte-ende-ne-biznesin\/#primaryimage"},"thumbnailUrl":"https:\/\/tv.joycemeyer.org\/shqip\/wp-content\/uploads\/sites\/10\/2019\/01\/57.jpg","articleSection":["Uncategorized"],"inLanguage":"sq"},{"@type":"WebPage","@id":"https:\/\/tv.joycemeyer.org\/shqip\/2019\/01\/15\/jezusi-eshte-ende-ne-biznesin\/","url":"https:\/\/tv.joycemeyer.org\/shqip\/2019\/01\/15\/jezusi-eshte-ende-ne-biznesin\/","name":"Jezusi \u00ebsht\u00eb ende n\u00eb biznesin e sh\u00ebrimit - Joyce Meyer Ministries - Shqip","isPartOf":{"@id":"https:\/\/tv.joycemeyer.org\/shqip\/#website"},"primaryImageOfPage":{"@id":"https:\/\/tv.joycemeyer.org\/shqip\/2019\/01\/15\/jezusi-eshte-ende-ne-biznesin\/#primaryimage"},"image":{"@id":"https:\/\/tv.joycemeyer.org\/shqip\/2019\/01\/15\/jezusi-eshte-ende-ne-biznesin\/#primaryimage"},"thumbnailUrl":"https:\/\/tv.joycemeyer.org\/shqip\/wp-content\/uploads\/sites\/10\/2019\/01\/57.jpg","datePublished":"2019-01-15T19:36:02+00:00","author":{"@id":"https:\/\/tv.joycemeyer.org\/shqip\/#\/schema\/person\/ec8ccae150e510d204c6f1130fa8f05f"},"breadcrumb":{"@id":"https:\/\/tv.joycemeyer.org\/shqip\/2019\/01\/15\/jezusi-eshte-ende-ne-biznesin\/#breadcrumb"},"inLanguage":"sq","potentialAction":[{"@type":"ReadAction","target":["https:\/\/tv.joycemeyer.org\/shqip\/2019\/01\/15\/jezusi-eshte-ende-ne-biznesin\/"]}]},{"@type":"ImageObject","inLanguage":"sq","@id":"https:\/\/tv.joycemeyer.org\/shqip\/2019\/01\/15\/jezusi-eshte-ende-ne-biznesin\/#primaryimage","url":"https:\/\/tv.joycemeyer.org\/shqip\/wp-content\/uploads\/sites\/10\/2019\/01\/57.jpg","contentUrl":"https:\/\/tv.joycemeyer.org\/shqip\/wp-content\/uploads\/sites\/10\/2019\/01\/57.jpg","width":960,"height":639,"caption":"Jezusi \u00ebsht\u00eb ende n\u00eb biznesin e sh\u00ebrimit"},{"@type":"BreadcrumbList","@id":"https:\/\/tv.joycemeyer.org\/shqip\/2019\/01\/15\/jezusi-eshte-ende-ne-biznesin\/#breadcrumb","itemListElement":[{"@type":"ListItem","position":1,"name":"Home","item":"https:\/\/tv.joycemeyer.org\/shqip\/"},{"@type":"ListItem","position":2,"name":"Jezusi \u00ebsht\u00eb ende n\u00eb biznesin e sh\u00ebrimit"}]},{"@type":"WebSite","@id":"https:\/\/tv.joycemeyer.org\/shqip\/#website","url":"https:\/\/tv.joycemeyer.org\/shqip\/","name":"Joyce Meyer Ministries - Shqip","description":"Shijoje jet\u00ebn \u00e7do dit\u00eb","potentialAction":[{"@type":"SearchAction","target":{"@type":"EntryPoint","urlTemplate":"https:\/\/tv.joycemeyer.org\/shqip\/?s={search_term_string}"},"query-input":{"@type":"PropertyValueSpecification","valueRequired":true,"valueName":"search_term_string"}}],"inLanguage":"sq"},{"@type":"Person","@id":"https:\/\/tv.joycemeyer.org\/shqip\/#\/schema\/person\/ec8ccae150e510d204c6f1130fa8f05f","name":"jmcdevitt","image":{"@type":"ImageObject","inLanguage":"sq","@id":"https:\/\/secure.gravatar.com\/avatar\/2cf38691e4af58f7430585991378478f69715cbc90542911518c88f8bd7227a7?s=96&d=mm&r=g","url":"https:\/\/secure.gravatar.com\/avatar\/2cf38691e4af58f7430585991378478f69715cbc90542911518c88f8bd7227a7?s=96&d=mm&r=g","contentUrl":"https:\/\/secure.gravatar.com\/avatar\/2cf38691e4af58f7430585991378478f69715cbc90542911518c88f8bd7227a7?s=96&d=mm&r=g","caption":"jmcdevitt"},"url":"https:\/\/tv.joycemeyer.org\/shqip\/author\/jmcdevitt\/"}]}},"_links":{"self":[{"href":"https:\/\/tv.joycemeyer.org\/shqip\/wp-json\/wp\/v2\/posts\/320","targetHints":{"allow":["GET"]}}],"collection":[{"href":"https:\/\/tv.joycemeyer.org\/shqip\/wp-json\/wp\/v2\/posts"}],"about":[{"href":"https:\/\/tv.joycemeyer.org\/shqip\/wp-json\/wp\/v2\/types\/post"}],"author":[{"embeddable":true,"href":"https:\/\/tv.joycemeyer.org\/shqip\/wp-json\/wp\/v2\/users\/4"}],"replies":[{"embeddable":true,"href":"https:\/\/tv.joycemeyer.org\/shqip\/wp-json\/wp\/v2\/comments?post=320"}],"version-history":[{"count":0,"href":"https:\/\/tv.joycemeyer.org\/shqip\/wp-json\/wp\/v2\/posts\/320\/revisions"}],"wp:featuredmedia":[{"embeddable":true,"href":"https:\/\/tv.joycemeyer.org\/shqip\/wp-json\/wp\/v2\/media\/321"}],"wp:attachment":[{"href":"https:\/\/tv.joycemeyer.org\/shqip\/wp-json\/wp\/v2\/media?parent=320"}],"wp:term":[{"taxonomy":"category","embeddable":true,"href":"https:\/\/tv.joycemeyer.org\/shqip\/wp-json\/wp\/v2\/categories?post=320"},{"taxonomy":"post_tag","embeddable":true,"href":"https:\/\/tv.joycemeyer.org\/shqip\/wp-json\/wp\/v2\/tags?post=320"}],"curies":[{"name":"wp","href":"https:\/\/api.w.org\/{rel}","templated":true}]}}